{"id":3949,"date":"2014-06-02T12:08:31","date_gmt":"2014-06-02T10:08:31","guid":{"rendered":"http:\/\/filosofium.evelyne-weissenbach.at\/?p=3949"},"modified":"2014-06-04T13:48:39","modified_gmt":"2014-06-04T11:48:39","slug":"die-lese-leine","status":"publish","type":"post","link":"https:\/\/filosofium.evelyne-weissenbach.at\/?p=3949","title":{"rendered":"Die Lese-Leine"},"content":{"rendered":"<p>&nbsp;<br \/>\nNun habe ich endlich eine Pr\u00e4sentationsm\u00f6glichkeit f\u00fcr meine u<a href=\"http:\/\/filosofium.evelyne-weissenbach.at\/?cat=571\" title=\"umbruchfrei\" target=\"_blank\">mbruch.freien<\/a> Texte gefunden.<br \/>\nIch wollte kein Buch damit machen. Ich hab eh schon so <a href=\"http:\/\/www.hs-verlage.at\/autoren\/weissenbach.html\" title=\"buecher\" target=\"_blank\" rel=\"noopener\">viele &#8230;<\/a><br \/>\nUnd da ich in der letzten Zeit einiges an Installationen zu sehen bekam, bei denen sehr oft die trivialen Dinge des Alltags verwendet wurden, hat mich das dazu angeregt, selber einmal eine &#8222;Installation&#8220; zu basteln.<\/p>\n<p>Ihr <em>hier<\/em> wisst das ja schon. Das Besondere an diesen Texten ist, dass ich sie au\u00dferhalb ihres Lesesflusses umbreche. Und sie dadurch manchmal ihren Sinn verfremden, nur weil man sie nicht so liest, wie sie eigentlich als Flie\u00dftext geschrieben sind. Oder man manchmal genauer hinsehen muss, um ihren Sinn zu erfassen. Dann werden Inhalte nat\u00fcrlich auch eindringlicher wahrgenommen, als wenn man Texte einfach so runterliest, einen nach dem anderen.<\/p>\n<p><a href=\"http:\/\/abload.de\/img\/10w0676anno3i.jpg\" title=\"\" target=\"_blank\" data-rel=\"lightbox-gallery-2276aPlN\" data-rl_title=\"\" data-rl_caption=\"\" data-rl_ rel=\"noopener\"><img decoding=\"async\" src=\"http:\/\/abload.de\/img\/50w0676a76rv1.jpg\" alt=\"leseleine\" \/><\/a><\/p>\n<p>Am Samstag wurde die Lese-Leine im Rahmen &#8222;Offene Ateliert\u00fcr im Burgenland&#8220; im Atelier der tollen Malerin <a href=\"http:\/\/www.radwan.at\/\" title=\"lucja radwan\" target=\"_blank\" rel=\"noopener\">Lucja Radwan<\/a> pr\u00e4sentiert.<\/p>\n<p><a href=\"http:\/\/abload.de\/img\/10w0679q5pjk.jpg\" title=\"\" target=\"_blank\" data-rel=\"lightbox-gallery-2276aPlN\" data-rl_title=\"\" data-rl_caption=\"\" data-rl_ rel=\"noopener\"><img decoding=\"async\" src=\"http:\/\/abload.de\/img\/50w0679zlr07.jpg\" alt=\"lese-leine\" \/><\/a><br \/>\nIch glaube, sagen zu k\u00f6nnen, dass sie sehr gut bei den Besuchern ankam.<br \/>\nUnd auch sonst, wo ich sie herzeigte \u2026<\/p>\n<p>Dann gab es noch eine ein\u00e4ugige Lesung und als \u00dcberraschung sang eine Besucherin traumhaft sch\u00f6n das Ave Maria.<br \/>\nEs war ein extrem emotionaler Nachmittag. Soooo sch\u00f6n!<br \/>\nAn solchen Tagen wei\u00df man ganz genau, welche Qualit\u00e4t Kunst und Kreativit\u00e4t<br \/>\nin das Leben bringt. <\/p>\n<p><a href=\"http:\/\/evelyne-weissenbach.at\/galerie\/leseleine\/#\" title=\"praesentation leseleine\" target=\"_blank\"><img decoding=\"async\" src=\"http:\/\/abload.de\/img\/50_indexylprt.jpg\" alt=\"praesentation leseleine\" \/><\/a><\/p>\n<p>Diese Lese-Leine wird nun auf &#8222;Tournee&#8220; gehen. Ich werde sie immer wieder bei verschiedenen Veranstaltungen \u2013 wo man es mir gestattet \ud83d\ude09 \u2013 aufstellen.<br \/>\nDie Texte werde ich immer wieder austauschen, wenn es neue gibt &#8230;<br \/>\nUnd sie werden nicht verk\u00e4uflich sein. D.h. sie werden sicher einzig und allein um ihrer selbst willen pr\u00e4sentiert.<\/p>\n<p>&nbsp;<\/p>\n<p>&nbsp;<\/p>\n","protected":false},"excerpt":{"rendered":"<p>&nbsp; Nun habe ich endlich eine Pr\u00e4sentationsm\u00f6glichkeit f\u00fcr meine umbruch.freien Texte gefunden. Ich wollte kein Buch damit machen. Ich hab eh schon so viele &#8230; Und da ich in der letzten Zeit einiges an Installationen zu sehen bekam, bei denen sehr oft die trivialen Dinge des Alltags verwendet wurden, hat mich das dazu angeregt, selber [&hellip;]<\/p>\n","protected":false},"author":1,"featured_media":0,"comment_status":"open","ping_status":"closed","sticky":false,"template":"","format":"standard","meta":{"jetpack_post_was_ever_published":false,"_jetpack_newsletter_access":"","_jetpack_dont_email_post_to_subs":false,"_jetpack_newsletter_tier_id":0,"_jetpack_memberships_contains_paywalled_content":false,"_jetpack_memberships_contains_paid_content":false,"footnotes":"","jetpack_publicize_message":"","jetpack_publicize_feature_enabled":true,"jetpack_social_post_already_shared":true,"jetpack_social_options":{"image_generator_settings":{"template":"highway","default_image_id":0,"font":"","enabled":false},"version":2}},"categories":[571,232,656],"tags":[91,658,168,657],"class_list":["post-3949","post","type-post","status-publish","format-standard","hentry","category-experimentielles","category-in-eigener-sache","category-lese-leine","tag-gedichte","tag-lese-leine-2","tag-prosalyrik","tag-umbruchfrei"],"jetpack_publicize_connections":[],"jetpack_featured_media_url":"","jetpack_shortlink":"https:\/\/wp.me\/p3ZwSb-11H","jetpack_sharing_enabled":true,"jetpack_likes_enabled":true,"_links":{"self":[{"href":"https:\/\/filosofium.evelyne-weissenbach.at\/index.php?rest_route=\/wp\/v2\/posts\/3949","targetHints":{"allow":["GET"]}}],"collection":[{"href":"https:\/\/filosofium.evelyne-weissenbach.at\/index.php?rest_route=\/wp\/v2\/posts"}],"about":[{"href":"https:\/\/filosofium.evelyne-weissenbach.at\/index.php?rest_route=\/wp\/v2\/types\/post"}],"author":[{"embeddable":true,"href":"https:\/\/filosofium.evelyne-weissenbach.at\/index.php?rest_route=\/wp\/v2\/users\/1"}],"replies":[{"embeddable":true,"href":"https:\/\/filosofium.evelyne-weissenbach.at\/index.php?rest_route=%2Fwp%2Fv2%2Fcomments&post=3949"}],"version-history":[{"count":13,"href":"https:\/\/filosofium.evelyne-weissenbach.at\/index.php?rest_route=\/wp\/v2\/posts\/3949\/revisions"}],"predecessor-version":[{"id":3962,"href":"https:\/\/filosofium.evelyne-weissenbach.at\/index.php?rest_route=\/wp\/v2\/posts\/3949\/revisions\/3962"}],"wp:attachment":[{"href":"https:\/\/filosofium.evelyne-weissenbach.at\/index.php?rest_route=%2Fwp%2Fv2%2Fmedia&parent=3949"}],"wp:term":[{"taxonomy":"category","embeddable":true,"href":"https:\/\/filosofium.evelyne-weissenbach.at\/index.php?rest_route=%2Fwp%2Fv2%2Fcategories&post=3949"},{"taxonomy":"post_tag","embeddable":true,"href":"https:\/\/filosofium.evelyne-weissenbach.at\/index.php?rest_route=%2Fwp%2Fv2%2Ftags&post=3949"}],"curies":[{"name":"wp","href":"https:\/\/api.w.org\/{rel}","templated":true}]}}