{"id":3992,"date":"2014-07-22T00:37:36","date_gmt":"2014-07-21T22:37:36","guid":{"rendered":"http:\/\/filosofium.evelyne-weissenbach.at\/?p=3992"},"modified":"2014-07-22T00:37:36","modified_gmt":"2014-07-21T22:37:36","slug":"lintschi-das-kleinkuenstlerische-nachwuchstalent","status":"publish","type":"post","link":"https:\/\/filosofium.evelyne-weissenbach.at\/?p=3992","title":{"rendered":"Lintschi, das kleink\u00fcnstlerische Nachwuchstalent"},"content":{"rendered":"<p>&nbsp;<br \/>\nSeit neuestem bin ich nicht mehr &#8222;Autorin&#8220;, &nbsp; sondern &#8222;Kleink\u00fcnstlerin&#8220;!<br \/>\nUnd ich bin ein Nachwuchstalent!<\/p>\n<p><a href=\"http:\/\/www.meinbezirk.at\/ollersdorf-im-burgenland\/kultur\/autorin-evelyne-weissenbach-las-aus-eigenen-texten-m6797964,1024362.html\" target=\"_blank\" rel=\"noopener\"><img loading=\"lazy\" decoding=\"async\" src=\"http:\/\/filosofium.evelyne-weissenbach.at\/wp-content\/uploads\/2014\/07\/3w_meinbezirk.jpg\" alt=\"mein bezirk\" width=\"300\" height=\"476\" class=\"aligncenter size-full wp-image-3993\" srcset=\"https:\/\/filosofium.evelyne-weissenbach.at\/wp-content\/uploads\/2014\/07\/3w_meinbezirk.jpg 300w, https:\/\/filosofium.evelyne-weissenbach.at\/wp-content\/uploads\/2014\/07\/3w_meinbezirk-189x300.jpg 189w\" sizes=\"auto, (max-width: 300px) 100vw, 300px\" \/><\/a><\/p>\n<p>Aber beginnen wir von vorne.<br \/>\nEine tolle Urlaubswoche liegt hinter mir.<br \/>\nNicht nur, dass ich in einem der sch\u00f6nsten Au\u00dfenpools \u00d6sterreichs bei strahlendem Sonnenschein meine Schwimmh\u00e4ute zum wachsen brachte<\/p>\n<p><img loading=\"lazy\" decoding=\"async\" src=\"http:\/\/filosofium.evelyne-weissenbach.at\/wp-content\/uploads\/2014\/07\/5fb2053.jpg\" alt=\"pool\" width=\"500\" height=\"375\" class=\"aligncenter size-full wp-image-3994\" srcset=\"https:\/\/filosofium.evelyne-weissenbach.at\/wp-content\/uploads\/2014\/07\/5fb2053.jpg 500w, https:\/\/filosofium.evelyne-weissenbach.at\/wp-content\/uploads\/2014\/07\/5fb2053-300x225.jpg 300w\" sizes=\"auto, (max-width: 500px) 100vw, 500px\" \/><\/p>\n<p>gab es auch kulturelle Nahrung in unmittelbarer N\u00e4he: <a href=\"http:\/\/www.neumarkt-raab.at\/\" target=\"_blank\" rel=\"noopener\"><br \/>\nDas K\u00fcnstlerdorf Neumarkt an der Raab<\/a>.<br \/>\nIn den Kursen der dortigen Sommerakademie unterrichten renommierte internationale K\u00fcnstler, es gibt laufend Veranstaltungen und Ausstellungen und auch das K\u00fcnstlerdorf an sich ist ein kulturelles Juwel.<\/p>\n<p>In diesem tollen Ambiente und vor diesem k\u00fcnstlerisch interessierten Publikum durfte ich meine Lese-Leine pr\u00e4sentieren und an einem Jour-fix mit den K\u00fcnstlern und Kursbesuchern teilnehmen. Ein Abend, der nicht nur anregende Diskussionen brachte, sondern an dem auch sehr viel gelacht wurde.<\/p>\n<p>Und dann brachte diese Woche noch ein ganz besonderes Highlight f\u00fcr mich.<br \/>\nIch trat erstmalig bei der <a href=\"http:\/\/www.offene-buehne.at\/\" target=\"_blank\" rel=\"noopener\">Offenen B\u00fchne Burgenland<\/a> auf, die im 1775 erbauten Kreuzstadl des Dorfes gastierte. (Eigentlich war es ja so, dass ich aus diesem Grund \u00fcberhaupt in diese Gegend kam, weil ich dabei meinen Auftritt hatte. Ein paar Urlaubstage anzuh\u00e4ngen, war nach einem Blick auf die Webseite des Hotels mit dem schicken Au\u00dfenpool irgendwie Pflicht.) <\/p>\n<p>Die <a href=\"http:\/\/www.offene-buehne.at\/\" target=\"_blank\" rel=\"noopener\">Offene B\u00fchne Burgenland<\/a>, eine Initiative des Liedermachers Harald Pomper, hat es wirklich in sich. 5 K\u00fcnstler unterschiedlichster Provenienz, die nach der Reihenfolge ihrer Anmeldung zusammengew\u00fcrfelt werden, k\u00f6nnen in 2&#215;10 Minuten auf der B\u00fchne machen, was immer sie wollen.<br \/>\nBei unserem Abend waren es 2 Text- und 2 Musikvortr\u00e4ge. Dazu pr\u00e4sentierte noch die Obfrau des K\u00fcnstlerdorfes das Buch \u00fcber dasselbige.<\/p>\n<p>Der junge Mann, der vor mir auftrat, war der Hiphopper <em>HIPA<\/em>, der mich mit seinen ber\u00fchrenden Texten zu seinem &#8222;\u00e4ltesten Fan&#8220; machte. Ihr k\u00f6nnt euch aber sicher vorstellen, dass der Kontrast dem Publikum einiges abverlangte.<br \/>\nDer Musiker nach mir war ein noch j\u00fcngerer und der andere Textvortragende wieder n\u00e4her im Alter an mir. Aber das Publikum war eines der besten der Welt und voll dabei.<br \/>\nDie Vortr\u00e4ge waren auch allesamt wirklich ganz gro\u00dfe Klasse (auch meiner <img decoding=\"async\" src=\"http:\/\/www.hs-verlage.at\/00_smilies\/lintschi_blinkblink.gif\">), und die Stimmung unbeschreiblich.<br \/>\nIch freue mich noch immer, dass ich das Gl\u00fcck hatte, bei diesem tollen Abend dabeigewesen zu sein und bin stolz auf meinen neuen Titel &#8222;Kleink\u00fcnstler&#8220;. Im November werde ich noch einmal mitmachen, dann gastiert die Offene B\u00fchne Burgenland in der Cselley-M\u00fchle.<\/p>\n<p>Ich habe meine ersten 10 Minuten meinen <a href=\"http:\/\/www.evelyne-weissenbach.at\/maenner.htm\" target=\"_blank\">&#8222;M\u00e4nnerlein&#8220;-Texten<\/a> gewidmet und Gott sei Dank waren die anwesenden Herren allesamt mit gutem Humor gesegnet. Den zweiten Teil gestaltete ich mit der erotischen Poesie der etwas heftigeren Sorte aus meinem letzten Buch <a href=\"http:\/\/www.hs-verlage.at\/programm\/info_eros.html\" target=\"_blank\" rel=\"noopener\">&#8222;Und steigt der Eros aus dem Weinberg&#8220;<\/a>.<\/p>\n<p>Ja, und ein paar Fotos habe ich euch nat\u00fcrlich auch mitgebracht &#8230;<\/p>\n<p><a href=\"http:\/\/evelyne-weissenbach.at\/galerie\/neumarkt\/\" target=\"_blank\"><img loading=\"lazy\" decoding=\"async\" src=\"http:\/\/filosofium.evelyne-weissenbach.at\/wp-content\/uploads\/2014\/07\/50_index.jpg\" alt=\"50_index\" width=\"500\" height=\"417\" class=\"aligncenter size-full wp-image-3995\" srcset=\"https:\/\/filosofium.evelyne-weissenbach.at\/wp-content\/uploads\/2014\/07\/50_index.jpg 500w, https:\/\/filosofium.evelyne-weissenbach.at\/wp-content\/uploads\/2014\/07\/50_index-300x250.jpg 300w\" sizes=\"auto, (max-width: 500px) 100vw, 500px\" \/><\/a><\/p>\n<p>&nbsp;<\/p>\n","protected":false},"excerpt":{"rendered":"<p>&nbsp; Seit neuestem bin ich nicht mehr &#8222;Autorin&#8220;, &nbsp; sondern &#8222;Kleink\u00fcnstlerin&#8220;! Und ich bin ein Nachwuchstalent! Aber beginnen wir von vorne. Eine tolle Urlaubswoche liegt hinter mir. Nicht nur, dass ich in einem der sch\u00f6nsten Au\u00dfenpools \u00d6sterreichs bei strahlendem Sonnenschein meine Schwimmh\u00e4ute zum wachsen brachte gab es auch kulturelle Nahrung in unmittelbarer N\u00e4he: Das K\u00fcnstlerdorf [&hellip;]<\/p>\n","protected":false},"author":1,"featured_media":0,"comment_status":"open","ping_status":"closed","sticky":false,"template":"","format":"standard","meta":{"jetpack_post_was_ever_published":false,"_jetpack_newsletter_access":"","_jetpack_dont_email_post_to_subs":false,"_jetpack_newsletter_tier_id":0,"_jetpack_memberships_contains_paywalled_content":false,"_jetpack_memberships_contains_paid_content":false,"footnotes":"","jetpack_publicize_message":"","jetpack_publicize_feature_enabled":true,"jetpack_social_post_already_shared":true,"jetpack_social_options":{"image_generator_settings":{"template":"highway","default_image_id":0,"font":"","enabled":false},"version":2}},"categories":[656,27],"tags":[662,658,659,125,661,660],"class_list":["post-3992","post","type-post","status-publish","format-standard","hentry","category-lese-leine","category-veranstaltungen","tag-kuenstlerdorf","tag-lese-leine-2","tag-leseleine","tag-lesung","tag-neumarkt-an-der-raab","tag-offene-buehne-burgenland"],"jetpack_publicize_connections":[],"jetpack_featured_media_url":"","jetpack_shortlink":"https:\/\/wp.me\/p3ZwSb-12o","jetpack_sharing_enabled":true,"jetpack_likes_enabled":true,"_links":{"self":[{"href":"https:\/\/filosofium.evelyne-weissenbach.at\/index.php?rest_route=\/wp\/v2\/posts\/3992","targetHints":{"allow":["GET"]}}],"collection":[{"href":"https:\/\/filosofium.evelyne-weissenbach.at\/index.php?rest_route=\/wp\/v2\/posts"}],"about":[{"href":"https:\/\/filosofium.evelyne-weissenbach.at\/index.php?rest_route=\/wp\/v2\/types\/post"}],"author":[{"embeddable":true,"href":"https:\/\/filosofium.evelyne-weissenbach.at\/index.php?rest_route=\/wp\/v2\/users\/1"}],"replies":[{"embeddable":true,"href":"https:\/\/filosofium.evelyne-weissenbach.at\/index.php?rest_route=%2Fwp%2Fv2%2Fcomments&post=3992"}],"version-history":[{"count":9,"href":"https:\/\/filosofium.evelyne-weissenbach.at\/index.php?rest_route=\/wp\/v2\/posts\/3992\/revisions"}],"predecessor-version":[{"id":4004,"href":"https:\/\/filosofium.evelyne-weissenbach.at\/index.php?rest_route=\/wp\/v2\/posts\/3992\/revisions\/4004"}],"wp:attachment":[{"href":"https:\/\/filosofium.evelyne-weissenbach.at\/index.php?rest_route=%2Fwp%2Fv2%2Fmedia&parent=3992"}],"wp:term":[{"taxonomy":"category","embeddable":true,"href":"https:\/\/filosofium.evelyne-weissenbach.at\/index.php?rest_route=%2Fwp%2Fv2%2Fcategories&post=3992"},{"taxonomy":"post_tag","embeddable":true,"href":"https:\/\/filosofium.evelyne-weissenbach.at\/index.php?rest_route=%2Fwp%2Fv2%2Ftags&post=3992"}],"curies":[{"name":"wp","href":"https:\/\/api.w.org\/{rel}","templated":true}]}}