{"id":4053,"date":"2014-09-05T13:20:44","date_gmt":"2014-09-05T11:20:44","guid":{"rendered":"http:\/\/filosofium.evelyne-weissenbach.at\/?p=4053"},"modified":"2014-09-21T12:07:15","modified_gmt":"2014-09-21T10:07:15","slug":"und-wieder","status":"publish","type":"post","link":"https:\/\/filosofium.evelyne-weissenbach.at\/?p=4053","title":{"rendered":"und wieder . . ."},"content":{"rendered":"<p>hab ich mein &#8222;nachwuchstalent&#8220; bei der <a href=\"http:\/\/www.offene-buehne.at\/\" title=\"offene b\u00fchne burgenland\" target=\"_blank\" rel=\"noopener\">offenen b\u00fchne burgenland<\/a> pr\u00e4sentieren d\u00fcrfen. diesmal mit einem gastauftritt bei der summerstage in parndorf. und ein besucher hat mir diese fotocollage geschickt.<br \/>\ntitel: lintschi in action!<\/p>\n<p><a href=\"http:\/\/filosofium.evelyne-weissenbach.at\/wp-content\/uploads\/2014\/09\/Lintschi600x850.jpg\" target=\"_blank\" data-rel=\"lightbox-gallery-xcwKOZWE\" data-rl_title=\"\" data-rl_caption=\"\" title=\"\"><img loading=\"lazy\" decoding=\"async\" src=\"http:\/\/filosofium.evelyne-weissenbach.at\/wp-content\/uploads\/2014\/09\/Lintschi375x530.jpg\" alt=\"Lintschi375x530\" width=\"375\" height=\"530\" class=\"aligncenter size-full wp-image-4054\" srcset=\"https:\/\/filosofium.evelyne-weissenbach.at\/wp-content\/uploads\/2014\/09\/Lintschi375x530.jpg 375w, https:\/\/filosofium.evelyne-weissenbach.at\/wp-content\/uploads\/2014\/09\/Lintschi375x530-212x300.jpg 212w\" sizes=\"auto, (max-width: 375px) 100vw, 375px\" \/><\/a><\/p>\n<p>&nbsp;<\/p>\n","protected":false},"excerpt":{"rendered":"<p>hab ich mein &#8222;nachwuchstalent&#8220; bei der offenen b\u00fchne burgenland pr\u00e4sentieren d\u00fcrfen. diesmal mit einem gastauftritt bei der summerstage in parndorf. und ein besucher hat mir diese fotocollage geschickt. titel: lintschi in action! &nbsp;<\/p>\n","protected":false},"author":1,"featured_media":0,"comment_status":"open","ping_status":"closed","sticky":false,"template":"","format":"standard","meta":{"jetpack_post_was_ever_published":false,"_jetpack_newsletter_access":"","_jetpack_dont_email_post_to_subs":false,"_jetpack_newsletter_tier_id":0,"_jetpack_memberships_contains_paywalled_content":false,"_jetpack_memberships_contains_paid_content":false,"footnotes":"","jetpack_publicize_message":"","jetpack_publicize_feature_enabled":true,"jetpack_social_post_already_shared":true,"jetpack_social_options":{"image_generator_settings":{"template":"highway","default_image_id":0,"font":"","enabled":false},"version":2}},"categories":[232,27],"tags":[670,125,660,669],"class_list":["post-4053","post","type-post","status-publish","format-standard","hentry","category-in-eigener-sache","category-veranstaltungen","tag-auftritt","tag-lesung","tag-offene-buehne-burgenland","tag-parndorf"],"jetpack_publicize_connections":[],"jetpack_featured_media_url":"","jetpack_shortlink":"https:\/\/wp.me\/p3ZwSb-13n","jetpack_sharing_enabled":true,"jetpack_likes_enabled":true,"_links":{"self":[{"href":"https:\/\/filosofium.evelyne-weissenbach.at\/index.php?rest_route=\/wp\/v2\/posts\/4053","targetHints":{"allow":["GET"]}}],"collection":[{"href":"https:\/\/filosofium.evelyne-weissenbach.at\/index.php?rest_route=\/wp\/v2\/posts"}],"about":[{"href":"https:\/\/filosofium.evelyne-weissenbach.at\/index.php?rest_route=\/wp\/v2\/types\/post"}],"author":[{"embeddable":true,"href":"https:\/\/filosofium.evelyne-weissenbach.at\/index.php?rest_route=\/wp\/v2\/users\/1"}],"replies":[{"embeddable":true,"href":"https:\/\/filosofium.evelyne-weissenbach.at\/index.php?rest_route=%2Fwp%2Fv2%2Fcomments&post=4053"}],"version-history":[{"count":3,"href":"https:\/\/filosofium.evelyne-weissenbach.at\/index.php?rest_route=\/wp\/v2\/posts\/4053\/revisions"}],"predecessor-version":[{"id":4071,"href":"https:\/\/filosofium.evelyne-weissenbach.at\/index.php?rest_route=\/wp\/v2\/posts\/4053\/revisions\/4071"}],"wp:attachment":[{"href":"https:\/\/filosofium.evelyne-weissenbach.at\/index.php?rest_route=%2Fwp%2Fv2%2Fmedia&parent=4053"}],"wp:term":[{"taxonomy":"category","embeddable":true,"href":"https:\/\/filosofium.evelyne-weissenbach.at\/index.php?rest_route=%2Fwp%2Fv2%2Fcategories&post=4053"},{"taxonomy":"post_tag","embeddable":true,"href":"https:\/\/filosofium.evelyne-weissenbach.at\/index.php?rest_route=%2Fwp%2Fv2%2Ftags&post=4053"}],"curies":[{"name":"wp","href":"https:\/\/api.w.org\/{rel}","templated":true}]}}