{"id":4073,"date":"2014-09-28T12:08:36","date_gmt":"2014-09-28T10:08:36","guid":{"rendered":"http:\/\/filosofium.evelyne-weissenbach.at\/?p=4073"},"modified":"2014-09-28T12:08:36","modified_gmt":"2014-09-28T10:08:36","slug":"gespraech-unter-freundinnen-v","status":"publish","type":"post","link":"https:\/\/filosofium.evelyne-weissenbach.at\/?p=4073","title":{"rendered":"Gespr\u00e4ch unter Freundinnen V"},"content":{"rendered":"<p>&nbsp;<br \/>\nWarum l\u00e4sst du dir nicht die Oberlippe machen?<br \/>\nWozu?<br \/>\nDu hast da ganz ordentliche R\u00fcschen.<br \/>\nNa und?<br \/>\nDie muss man heutzutage nicht mehr haben.<br \/>\nUnd was bringt es, keine zu haben?<br \/>\nDu siehst dann j\u00fcnger aus.<br \/>\nUnd was bringt es,  j\u00fcnger auszusehen?<br \/>\nMan muss heute nicht mehr so alt aussehen, wie man ist.<br \/>\nWarum soll ich nicht so alt aussehen, wie ich bin?<br \/>\nWeil es heute nicht mehr n\u00f6tig ist.<br \/>\nWas ist heute n\u00f6tig?<\/p>\n<p>Es ist besser f\u00fcr die Psyche. Du f\u00fchlst dich dann als Frau besser.<br \/>\nIch?<br \/>\nJa.<br \/>\nAber ich f\u00fchle mich super!<br \/>\nDu f\u00fchlst dich dann besser.<br \/>\nBesser als wer?<br \/>\nBesser als du dich jetzt f\u00fchlst. Weil du nicht mehr so alt aussiehst.<br \/>\nAber ich bin so alt.<br \/>\nDas muss man doch nicht sehen.<br \/>\nWarum nicht?<br \/>\nWeil es nicht n\u00f6tig ist.<\/p>\n<p>Glaubst du, dass du dich besser f\u00fchlst als ich?<br \/>\nIch hab mir die Oberlippe machen lassen.<br \/>\nUnd nun f\u00fchlst du dich besser als ich?<br \/>\nIch sehe j\u00fcnger aus.<br \/>\nAber ich f\u00fchle mich wohl in meiner Haut.<br \/>\nIch nat\u00fcrlich auch.<br \/>\nAh ja.<\/p>\n<p>\u00a9 evelyne w.<\/p>\n<p>&nbsp;<\/p>\n","protected":false},"excerpt":{"rendered":"<p>&nbsp; Warum l\u00e4sst du dir nicht die Oberlippe machen? Wozu? Du hast da ganz ordentliche R\u00fcschen. Na und? Die muss man heutzutage nicht mehr haben. Und was bringt es, keine zu haben? Du siehst dann j\u00fcnger aus. Und was bringt es, j\u00fcnger auszusehen? Man muss heute nicht mehr so alt aussehen, wie man ist. Warum [&hellip;]<\/p>\n","protected":false},"author":1,"featured_media":0,"comment_status":"open","ping_status":"closed","sticky":false,"template":"","format":"standard","meta":{"jetpack_post_was_ever_published":false,"_jetpack_newsletter_access":"","_jetpack_dont_email_post_to_subs":false,"_jetpack_newsletter_tier_id":0,"_jetpack_memberships_contains_paywalled_content":false,"_jetpack_memberships_contains_paid_content":false,"footnotes":"","jetpack_publicize_message":"","jetpack_publicize_feature_enabled":true,"jetpack_social_post_already_shared":true,"jetpack_social_options":{"image_generator_settings":{"template":"highway","default_image_id":0,"font":"","enabled":false},"version":2}},"categories":[230,13,236],"tags":[46,64,65,675,359,140,674,450,673],"class_list":["post-4073","post","type-post","status-publish","format-standard","hentry","category-girls-talk","category-in-der-umarmung-des-alters","category-satirisches","tag-alter","tag-bewusstmachung","tag-bewusstsein","tag-ewige-jugend","tag-jugend","tag-minderwertigkeitsgefuhl","tag-schoenheit","tag-schonheitschirurgie","tag-schoenheitsoperation"],"jetpack_publicize_connections":[],"jetpack_featured_media_url":"","jetpack_shortlink":"https:\/\/wp.me\/p3ZwSb-13H","jetpack_sharing_enabled":true,"jetpack_likes_enabled":true,"_links":{"self":[{"href":"https:\/\/filosofium.evelyne-weissenbach.at\/index.php?rest_route=\/wp\/v2\/posts\/4073","targetHints":{"allow":["GET"]}}],"collection":[{"href":"https:\/\/filosofium.evelyne-weissenbach.at\/index.php?rest_route=\/wp\/v2\/posts"}],"about":[{"href":"https:\/\/filosofium.evelyne-weissenbach.at\/index.php?rest_route=\/wp\/v2\/types\/post"}],"author":[{"embeddable":true,"href":"https:\/\/filosofium.evelyne-weissenbach.at\/index.php?rest_route=\/wp\/v2\/users\/1"}],"replies":[{"embeddable":true,"href":"https:\/\/filosofium.evelyne-weissenbach.at\/index.php?rest_route=%2Fwp%2Fv2%2Fcomments&post=4073"}],"version-history":[{"count":1,"href":"https:\/\/filosofium.evelyne-weissenbach.at\/index.php?rest_route=\/wp\/v2\/posts\/4073\/revisions"}],"predecessor-version":[{"id":4074,"href":"https:\/\/filosofium.evelyne-weissenbach.at\/index.php?rest_route=\/wp\/v2\/posts\/4073\/revisions\/4074"}],"wp:attachment":[{"href":"https:\/\/filosofium.evelyne-weissenbach.at\/index.php?rest_route=%2Fwp%2Fv2%2Fmedia&parent=4073"}],"wp:term":[{"taxonomy":"category","embeddable":true,"href":"https:\/\/filosofium.evelyne-weissenbach.at\/index.php?rest_route=%2Fwp%2Fv2%2Fcategories&post=4073"},{"taxonomy":"post_tag","embeddable":true,"href":"https:\/\/filosofium.evelyne-weissenbach.at\/index.php?rest_route=%2Fwp%2Fv2%2Ftags&post=4073"}],"curies":[{"name":"wp","href":"https:\/\/api.w.org\/{rel}","templated":true}]}}