{"id":4119,"date":"2014-11-09T11:14:24","date_gmt":"2014-11-09T10:14:24","guid":{"rendered":"http:\/\/filosofium.evelyne-weissenbach.at\/?p=4119"},"modified":"2014-11-09T11:23:42","modified_gmt":"2014-11-09T10:23:42","slug":"9-11-1983","status":"publish","type":"post","link":"https:\/\/filosofium.evelyne-weissenbach.at\/?p=4119","title":{"rendered":"9.11.1989"},"content":{"rendered":"<p>&nbsp;<br \/>\nlasst uns gehen<br \/>\nwohin wir wollen<br \/>\ndann kommen wir<br \/>\nauch gerne wieder<\/p>\n<p>nur in der enge<br \/>\ndes gef\u00e4ngnisses<br \/>\nsieht die freiheit<br \/>\nwie ein vogel aus<\/p>\n<p>ist der mensch frei<br \/>\nsucht w\u00e4nde er<br \/>\nzum anlehnen<br \/>\nund t\u00fcren<br \/>\ndie er schlie\u00dfen kann<\/p>\n<p>ein vogelhaus<br \/>\nist kein nest<\/p>\n<p>&nbsp;<\/p>\n<p>\u00a9 evelyne w.<\/p>\n","protected":false},"excerpt":{"rendered":"<p>&nbsp; lasst uns gehen wohin wir wollen dann kommen wir auch gerne wieder nur in der enge des gef\u00e4ngnisses sieht die freiheit wie ein vogel aus ist der mensch frei sucht w\u00e4nde er zum anlehnen und t\u00fcren die er schlie\u00dfen kann ein vogelhaus ist kein nest &nbsp; \u00a9 evelyne w.<\/p>\n","protected":false},"author":1,"featured_media":0,"comment_status":"open","ping_status":"closed","sticky":false,"template":"","format":"standard","meta":{"jetpack_post_was_ever_published":false,"_jetpack_newsletter_access":"","_jetpack_dont_email_post_to_subs":false,"_jetpack_newsletter_tier_id":0,"_jetpack_memberships_contains_paywalled_content":false,"_jetpack_memberships_contains_paid_content":false,"footnotes":"","jetpack_publicize_message":"","jetpack_publicize_feature_enabled":true,"jetpack_social_post_already_shared":true,"jetpack_social_options":{"image_generator_settings":{"template":"highway","default_image_id":0,"font":"","enabled":false},"version":2}},"categories":[234,22,9],"tags":[689,691,690,688,687],"class_list":["post-4119","post","type-post","status-publish","format-standard","hentry","category-kritisches","category-prosalyrik-gedichte","category-gedichte-2","tag-berlin","tag-berliner-mauer","tag-deutschland","tag-grenze","tag-mauerfall"],"jetpack_publicize_connections":[],"jetpack_featured_media_url":"","jetpack_shortlink":"https:\/\/wp.me\/p3ZwSb-14r","jetpack_sharing_enabled":true,"jetpack_likes_enabled":true,"_links":{"self":[{"href":"https:\/\/filosofium.evelyne-weissenbach.at\/index.php?rest_route=\/wp\/v2\/posts\/4119","targetHints":{"allow":["GET"]}}],"collection":[{"href":"https:\/\/filosofium.evelyne-weissenbach.at\/index.php?rest_route=\/wp\/v2\/posts"}],"about":[{"href":"https:\/\/filosofium.evelyne-weissenbach.at\/index.php?rest_route=\/wp\/v2\/types\/post"}],"author":[{"embeddable":true,"href":"https:\/\/filosofium.evelyne-weissenbach.at\/index.php?rest_route=\/wp\/v2\/users\/1"}],"replies":[{"embeddable":true,"href":"https:\/\/filosofium.evelyne-weissenbach.at\/index.php?rest_route=%2Fwp%2Fv2%2Fcomments&post=4119"}],"version-history":[{"count":3,"href":"https:\/\/filosofium.evelyne-weissenbach.at\/index.php?rest_route=\/wp\/v2\/posts\/4119\/revisions"}],"predecessor-version":[{"id":4122,"href":"https:\/\/filosofium.evelyne-weissenbach.at\/index.php?rest_route=\/wp\/v2\/posts\/4119\/revisions\/4122"}],"wp:attachment":[{"href":"https:\/\/filosofium.evelyne-weissenbach.at\/index.php?rest_route=%2Fwp%2Fv2%2Fmedia&parent=4119"}],"wp:term":[{"taxonomy":"category","embeddable":true,"href":"https:\/\/filosofium.evelyne-weissenbach.at\/index.php?rest_route=%2Fwp%2Fv2%2Fcategories&post=4119"},{"taxonomy":"post_tag","embeddable":true,"href":"https:\/\/filosofium.evelyne-weissenbach.at\/index.php?rest_route=%2Fwp%2Fv2%2Ftags&post=4119"}],"curies":[{"name":"wp","href":"https:\/\/api.w.org\/{rel}","templated":true}]}}