{"id":4160,"date":"2014-11-20T11:47:51","date_gmt":"2014-11-20T10:47:51","guid":{"rendered":"http:\/\/filosofium.evelyne-weissenbach.at\/?p=4160"},"modified":"2014-11-20T11:50:11","modified_gmt":"2014-11-20T10:50:11","slug":"machtspiele","status":"publish","type":"post","link":"https:\/\/filosofium.evelyne-weissenbach.at\/?p=4160","title":{"rendered":"Machtspiele"},"content":{"rendered":"<p>&nbsp;<br \/>\nSie sagte kein Wort. Doch jeder der sie kannte, h\u00e4tte sofort an der Art, wie sie die Augen niederschlug erkannt, dass ihr die Hitze unters Herz gestiegen war. Bevor das Feuer sich in seinen Kammern breit machen konnte und Flammen aus ihrer Spucke spr\u00fchten, t\u00f6tete sie die Wut mit kalten Gedanken ab.<br \/>\nIhr Gegen\u00fcber schien es ihr nicht Wert, ihm Macht \u2013 und sei es auch nur in Form von \u00c4rger \u2013 zu geben. Was hei\u00dft eigentlich &#8222;auch nur&#8220;? War das nicht eine der gr\u00f6\u00dften M\u00e4chte, die sie einr\u00e4umen konnte?<br \/>\nNur die Gewalt schien noch gr\u00f6\u00dfere Macht \u00fcber sie erreichen zu k\u00f6nnen. Aber mit dieser wollte sie nicht experimentieren. Sie sch\u00e4tzte ihre gl\u00fcckliche Lage sehr, die sie nicht in die N\u00e4he von Gewalt brachte. Sie wollte sie keineswegs heranziehen, um ausloten zu k\u00f6nnen, wie sie damit umgehen w\u00fcrde. Ob es ihr m\u00f6glich w\u00e4re, ihr die Macht \u00fcber sie zu entziehen, und sei es in ihrem Inneren.<br \/>\nSie wollte eigentlich auch nicht mit dem \u00c4rger experimentieren. Aber es gelang nat\u00fcrlich des \u00f6fteren, dass jemand diese Macht f\u00fcr sich beanspruchen wollte. Dem \u00c4rger war nicht so leicht auszuweichen. Nicht, dass sie der Gewalt bewusst auswich. Wie gesagt, sie sch\u00e4tzte die Gnade ihrer Geburt hoch, in ein Leben hineingeboren geworden zu sein, das sie ihre Zeit in einem Land verbringen lie\u00df, das \u00fcber Jahrzehnte nicht an Kriegshandlungen beteiligt war. Wo physische Gewalt nicht direkt auf sie einwirkte.<br \/>\nPsychische Gewalt, von der hatte sie sich weitgehend befreit. Vor Jahren schon. Es war sehr schwer gewesen, ihre K\u00f6rperb\u00fchne von den Krankheiten zu s\u00e4ubern, welche die Grausamkeiten ihrer Kinderjahre in ihr abgelegt hatten.<br \/>\nNein, sie w\u00fcrde dem \u00c4rger keinen Raum geben. Sie wusste Bescheid.\u00dcber sich und \u00fcber die Anderen. \u00dcber die Scharm\u00fctzel, die jeder f\u00fcr eigene \u00dcberhebung oder Unterwerfung brauchte. Sie wollte sich nur sich selbst unterwerfen. Auch wenn das sehr schwer war. Weil die Wut einfach kam, wenn jemand auf sie einwirken wollte. Aber nur kurz. Denn auch die Macht ihrer Gedanken hatte sie in der Zwischenzeit gut erkannt.<\/p>\n<p>\u00a9 evelyne w.<\/p>\n<p>&nbsp;<\/p>\n","protected":false},"excerpt":{"rendered":"<p>&nbsp; Sie sagte kein Wort. Doch jeder der sie kannte, h\u00e4tte sofort an der Art, wie sie die Augen niederschlug erkannt, dass ihr die Hitze unters Herz gestiegen war. Bevor das Feuer sich in seinen Kammern breit machen konnte und Flammen aus ihrer Spucke spr\u00fchten, t\u00f6tete sie die Wut mit kalten Gedanken ab. Ihr Gegen\u00fcber [&hellip;]<\/p>\n","protected":false},"author":1,"featured_media":0,"comment_status":"open","ping_status":"closed","sticky":false,"template":"","format":"standard","meta":{"jetpack_post_was_ever_published":false,"_jetpack_newsletter_access":"","_jetpack_dont_email_post_to_subs":false,"_jetpack_newsletter_tier_id":0,"_jetpack_memberships_contains_paywalled_content":false,"_jetpack_memberships_contains_paid_content":false,"footnotes":"","jetpack_publicize_message":"","jetpack_publicize_feature_enabled":true,"jetpack_social_post_already_shared":true,"jetpack_social_options":{"image_generator_settings":{"template":"highway","default_image_id":0,"font":"","enabled":false},"version":2}},"categories":[235,24],"tags":[696,697,698,396,439,184,223],"class_list":["post-4160","post","type-post","status-publish","format-standard","hentry","category-prosa-in-stuckchen","category-selbst-liebe-lernen","tag-aerger","tag-gedanken","tag-gesundheit","tag-macht","tag-psychosomatik","tag-selbstliebe","tag-wut"],"jetpack_publicize_connections":[],"jetpack_featured_media_url":"","jetpack_shortlink":"https:\/\/wp.me\/p3ZwSb-156","jetpack_sharing_enabled":true,"jetpack_likes_enabled":true,"_links":{"self":[{"href":"https:\/\/filosofium.evelyne-weissenbach.at\/index.php?rest_route=\/wp\/v2\/posts\/4160","targetHints":{"allow":["GET"]}}],"collection":[{"href":"https:\/\/filosofium.evelyne-weissenbach.at\/index.php?rest_route=\/wp\/v2\/posts"}],"about":[{"href":"https:\/\/filosofium.evelyne-weissenbach.at\/index.php?rest_route=\/wp\/v2\/types\/post"}],"author":[{"embeddable":true,"href":"https:\/\/filosofium.evelyne-weissenbach.at\/index.php?rest_route=\/wp\/v2\/users\/1"}],"replies":[{"embeddable":true,"href":"https:\/\/filosofium.evelyne-weissenbach.at\/index.php?rest_route=%2Fwp%2Fv2%2Fcomments&post=4160"}],"version-history":[{"count":5,"href":"https:\/\/filosofium.evelyne-weissenbach.at\/index.php?rest_route=\/wp\/v2\/posts\/4160\/revisions"}],"predecessor-version":[{"id":4165,"href":"https:\/\/filosofium.evelyne-weissenbach.at\/index.php?rest_route=\/wp\/v2\/posts\/4160\/revisions\/4165"}],"wp:attachment":[{"href":"https:\/\/filosofium.evelyne-weissenbach.at\/index.php?rest_route=%2Fwp%2Fv2%2Fmedia&parent=4160"}],"wp:term":[{"taxonomy":"category","embeddable":true,"href":"https:\/\/filosofium.evelyne-weissenbach.at\/index.php?rest_route=%2Fwp%2Fv2%2Fcategories&post=4160"},{"taxonomy":"post_tag","embeddable":true,"href":"https:\/\/filosofium.evelyne-weissenbach.at\/index.php?rest_route=%2Fwp%2Fv2%2Ftags&post=4160"}],"curies":[{"name":"wp","href":"https:\/\/api.w.org\/{rel}","templated":true}]}}