{"id":4261,"date":"2015-01-09T16:22:49","date_gmt":"2015-01-09T15:22:49","guid":{"rendered":"http:\/\/filosofium.evelyne-weissenbach.at\/?p=4261"},"modified":"2015-01-09T16:23:30","modified_gmt":"2015-01-09T15:23:30","slug":"4261","status":"publish","type":"post","link":"https:\/\/filosofium.evelyne-weissenbach.at\/?p=4261","title":{"rendered":"funkennest"},"content":{"rendered":"<p>&nbsp;<br \/>\nganz tief drinnen<br \/>\ndieser funke<\/p>\n<p>an winterstarren tagen<br \/>\ngl\u00fcht er l\u00f6cher<br \/>\nin das eis<\/p>\n<p>durch welche<br \/>\ndeine blicke<br \/>\nw\u00e4rmen<\/p>\n<p>\u00a9 evelyne w.<\/p>\n<p>&nbsp;<\/p>\n","protected":false},"excerpt":{"rendered":"<p>&nbsp; ganz tief drinnen dieser funke an winterstarren tagen gl\u00fcht er l\u00f6cher in das eis durch welche deine blicke w\u00e4rmen \u00a9 evelyne w. &nbsp;<\/p>\n","protected":false},"author":1,"featured_media":0,"comment_status":"open","ping_status":"closed","sticky":false,"template":"","format":"standard","meta":{"jetpack_post_was_ever_published":false,"_jetpack_newsletter_access":"","_jetpack_dont_email_post_to_subs":false,"_jetpack_newsletter_tier_id":0,"_jetpack_memberships_contains_paywalled_content":false,"_jetpack_memberships_contains_paid_content":false,"footnotes":"","jetpack_publicize_message":"","jetpack_publicize_feature_enabled":true,"jetpack_social_post_already_shared":true,"jetpack_social_options":{"image_generator_settings":{"template":"highway","default_image_id":0,"font":"","enabled":false},"version":2}},"categories":[15,9],"tags":[719,686,91,133,720],"class_list":["post-4261","post","type-post","status-publish","format-standard","hentry","category-liebesgedichte-gedichte","category-gedichte-2","tag-feuer","tag-funken","tag-gedichte","tag-lyrik","tag-waerme"],"jetpack_publicize_connections":[],"jetpack_featured_media_url":"","jetpack_shortlink":"https:\/\/wp.me\/s3ZwSb-4261","jetpack_sharing_enabled":true,"jetpack_likes_enabled":true,"_links":{"self":[{"href":"https:\/\/filosofium.evelyne-weissenbach.at\/index.php?rest_route=\/wp\/v2\/posts\/4261","targetHints":{"allow":["GET"]}}],"collection":[{"href":"https:\/\/filosofium.evelyne-weissenbach.at\/index.php?rest_route=\/wp\/v2\/posts"}],"about":[{"href":"https:\/\/filosofium.evelyne-weissenbach.at\/index.php?rest_route=\/wp\/v2\/types\/post"}],"author":[{"embeddable":true,"href":"https:\/\/filosofium.evelyne-weissenbach.at\/index.php?rest_route=\/wp\/v2\/users\/1"}],"replies":[{"embeddable":true,"href":"https:\/\/filosofium.evelyne-weissenbach.at\/index.php?rest_route=%2Fwp%2Fv2%2Fcomments&post=4261"}],"version-history":[{"count":2,"href":"https:\/\/filosofium.evelyne-weissenbach.at\/index.php?rest_route=\/wp\/v2\/posts\/4261\/revisions"}],"predecessor-version":[{"id":4263,"href":"https:\/\/filosofium.evelyne-weissenbach.at\/index.php?rest_route=\/wp\/v2\/posts\/4261\/revisions\/4263"}],"wp:attachment":[{"href":"https:\/\/filosofium.evelyne-weissenbach.at\/index.php?rest_route=%2Fwp%2Fv2%2Fmedia&parent=4261"}],"wp:term":[{"taxonomy":"category","embeddable":true,"href":"https:\/\/filosofium.evelyne-weissenbach.at\/index.php?rest_route=%2Fwp%2Fv2%2Fcategories&post=4261"},{"taxonomy":"post_tag","embeddable":true,"href":"https:\/\/filosofium.evelyne-weissenbach.at\/index.php?rest_route=%2Fwp%2Fv2%2Ftags&post=4261"}],"curies":[{"name":"wp","href":"https:\/\/api.w.org\/{rel}","templated":true}]}}