{"id":4275,"date":"2015-01-12T11:13:58","date_gmt":"2015-01-12T10:13:58","guid":{"rendered":"http:\/\/filosofium.evelyne-weissenbach.at\/?p=4275"},"modified":"2019-03-20T11:04:20","modified_gmt":"2019-03-20T10:04:20","slug":"fruehling-ist-dort-wo-wir-sind","status":"publish","type":"post","link":"https:\/\/filosofium.evelyne-weissenbach.at\/?p=4275","title":{"rendered":"fr\u00fchling ist dort, wo wir sind"},"content":{"rendered":"<p>&nbsp;<br \/>\nw\u00e4rmen<br \/>\nwill ich dich<br \/>\nin diesen zeiten<br \/>\nwo das eis in zapfen<br \/>\nvon deinen blicken h\u00e4ngt<\/p>\n<p>der schnee<br \/>\ndein haar bedeckt<br \/>\nund deine starren finger<br \/>\nnach meiner wange suchen<\/p>\n<p>und dann finden wir<br \/>\ndas gl\u00fcck des fr\u00fchlings<br \/>\nin diesem winter<br \/>\nder keine k\u00e4lte kennt<\/p>\n<p>und wir h\u00e4ngen<br \/>\ndie sterne<br \/>\nin einen himmel<br \/>\nvoller geigen<\/p>\n<p>&nbsp;<\/p>\n<p>\u00a9 evelyne w.<\/p>\n<p>&nbsp;<\/p>\n","protected":false},"excerpt":{"rendered":"<p>&nbsp; w\u00e4rmen will ich dich in diesen zeiten wo das eis in zapfen von deinen blicken h\u00e4ngt der schnee dein haar bedeckt und deine starren finger nach meiner wange suchen und dann finden wir das gl\u00fcck des fr\u00fchlings in diesem winter der keine k\u00e4lte kennt und wir h\u00e4ngen die sterne in einen himmel voller geigen [&hellip;]<\/p>\n","protected":false},"author":1,"featured_media":0,"comment_status":"open","ping_status":"closed","sticky":false,"template":"","format":"standard","meta":{"jetpack_post_was_ever_published":false,"_jetpack_newsletter_access":"","_jetpack_dont_email_post_to_subs":false,"_jetpack_newsletter_tier_id":0,"_jetpack_memberships_contains_paywalled_content":false,"_jetpack_memberships_contains_paid_content":false,"footnotes":"","jetpack_publicize_message":"","jetpack_publicize_feature_enabled":true,"jetpack_social_post_already_shared":true,"jetpack_social_options":{"image_generator_settings":{"template":"highway","default_image_id":0,"font":"","enabled":false},"version":2}},"categories":[15,9],"tags":[89,91,361,128,129,720,529],"class_list":["post-4275","post","type-post","status-publish","format-standard","hentry","category-liebesgedichte-gedichte","category-gedichte-2","tag-fruhling","tag-gedichte","tag-kalte","tag-liebesgedichte","tag-liebeslyrik","tag-waerme","tag-winter"],"jetpack_publicize_connections":[],"jetpack_featured_media_url":"","jetpack_shortlink":"https:\/\/wp.me\/p3ZwSb-16X","jetpack_sharing_enabled":true,"jetpack_likes_enabled":true,"_links":{"self":[{"href":"https:\/\/filosofium.evelyne-weissenbach.at\/index.php?rest_route=\/wp\/v2\/posts\/4275","targetHints":{"allow":["GET"]}}],"collection":[{"href":"https:\/\/filosofium.evelyne-weissenbach.at\/index.php?rest_route=\/wp\/v2\/posts"}],"about":[{"href":"https:\/\/filosofium.evelyne-weissenbach.at\/index.php?rest_route=\/wp\/v2\/types\/post"}],"author":[{"embeddable":true,"href":"https:\/\/filosofium.evelyne-weissenbach.at\/index.php?rest_route=\/wp\/v2\/users\/1"}],"replies":[{"embeddable":true,"href":"https:\/\/filosofium.evelyne-weissenbach.at\/index.php?rest_route=%2Fwp%2Fv2%2Fcomments&post=4275"}],"version-history":[{"count":1,"href":"https:\/\/filosofium.evelyne-weissenbach.at\/index.php?rest_route=\/wp\/v2\/posts\/4275\/revisions"}],"predecessor-version":[{"id":4276,"href":"https:\/\/filosofium.evelyne-weissenbach.at\/index.php?rest_route=\/wp\/v2\/posts\/4275\/revisions\/4276"}],"wp:attachment":[{"href":"https:\/\/filosofium.evelyne-weissenbach.at\/index.php?rest_route=%2Fwp%2Fv2%2Fmedia&parent=4275"}],"wp:term":[{"taxonomy":"category","embeddable":true,"href":"https:\/\/filosofium.evelyne-weissenbach.at\/index.php?rest_route=%2Fwp%2Fv2%2Fcategories&post=4275"},{"taxonomy":"post_tag","embeddable":true,"href":"https:\/\/filosofium.evelyne-weissenbach.at\/index.php?rest_route=%2Fwp%2Fv2%2Ftags&post=4275"}],"curies":[{"name":"wp","href":"https:\/\/api.w.org\/{rel}","templated":true}]}}