{"id":4280,"date":"2015-01-16T11:44:14","date_gmt":"2015-01-16T10:44:14","guid":{"rendered":"http:\/\/filosofium.evelyne-weissenbach.at\/?p=4280"},"modified":"2015-01-18T13:47:13","modified_gmt":"2015-01-18T12:47:13","slug":"januarnebel","status":"publish","type":"post","link":"https:\/\/filosofium.evelyne-weissenbach.at\/?p=4280","title":{"rendered":"januarnebel"},"content":{"rendered":"<p>&nbsp;<\/p>\n<p><a href=\"http:\/\/abload.de\/img\/10w1160280l9sbp.jpg\" target=\"_blank\" data-rel=\"lightbox-gallery-AV0ely7m\" data-rl_title=\"\" data-rl_caption=\"\" title=\"\" rel=\"noopener\"><img loading=\"lazy\" decoding=\"async\" src=\"http:\/\/filosofium.evelyne-weissenbach.at\/wp-content\/uploads\/2015\/01\/5w1160280a.jpg\" alt=\"5w1160280\" width=\"500\" height=\"173\" class=\"aligncenter size-full wp-image-4286\" srcset=\"https:\/\/filosofium.evelyne-weissenbach.at\/wp-content\/uploads\/2015\/01\/5w1160280a.jpg 500w, https:\/\/filosofium.evelyne-weissenbach.at\/wp-content\/uploads\/2015\/01\/5w1160280a-300x104.jpg 300w\" sizes=\"auto, (max-width: 500px) 100vw, 500px\" \/><\/a><\/p>\n<p>&nbsp;<\/p>\n<p>vom himmel f\u00e4llt<br \/>\nein dickes wei\u00df<br \/>\nund doch bedeckt<br \/>\nkein schnee<br \/>\ndie fluren<\/p>\n<p>der winternebel<br \/>\nzieht seine decke<br \/>\n\u00fcber des weines schlaf<\/p>\n<p>&nbsp;<\/p>\n<p>\u00a9 evelyne w.<\/p>\n","protected":false},"excerpt":{"rendered":"<p>&nbsp; &nbsp; vom himmel f\u00e4llt ein dickes wei\u00df und doch bedeckt kein schnee die fluren der winternebel zieht seine decke \u00fcber des weines schlaf &nbsp; \u00a9 evelyne w.<\/p>\n","protected":false},"author":1,"featured_media":0,"comment_status":"open","ping_status":"closed","sticky":false,"template":"","format":"standard","meta":{"jetpack_post_was_ever_published":false,"_jetpack_newsletter_access":"","_jetpack_dont_email_post_to_subs":false,"_jetpack_newsletter_tier_id":0,"_jetpack_memberships_contains_paywalled_content":false,"_jetpack_memberships_contains_paid_content":false,"footnotes":"","jetpack_publicize_message":"","jetpack_publicize_feature_enabled":true,"jetpack_social_post_already_shared":true,"jetpack_social_options":{"image_generator_settings":{"template":"highway","default_image_id":0,"font":"","enabled":false},"version":2}},"categories":[15,9],"tags":[732,147,529],"class_list":["post-4280","post","type-post","status-publish","format-standard","hentry","category-liebesgedichte-gedichte","category-gedichte-2","tag-grenzenlos","tag-nebel","tag-winter"],"jetpack_publicize_connections":[],"jetpack_featured_media_url":"","jetpack_shortlink":"https:\/\/wp.me\/p3ZwSb-172","jetpack_sharing_enabled":true,"jetpack_likes_enabled":true,"_links":{"self":[{"href":"https:\/\/filosofium.evelyne-weissenbach.at\/index.php?rest_route=\/wp\/v2\/posts\/4280","targetHints":{"allow":["GET"]}}],"collection":[{"href":"https:\/\/filosofium.evelyne-weissenbach.at\/index.php?rest_route=\/wp\/v2\/posts"}],"about":[{"href":"https:\/\/filosofium.evelyne-weissenbach.at\/index.php?rest_route=\/wp\/v2\/types\/post"}],"author":[{"embeddable":true,"href":"https:\/\/filosofium.evelyne-weissenbach.at\/index.php?rest_route=\/wp\/v2\/users\/1"}],"replies":[{"embeddable":true,"href":"https:\/\/filosofium.evelyne-weissenbach.at\/index.php?rest_route=%2Fwp%2Fv2%2Fcomments&post=4280"}],"version-history":[{"count":12,"href":"https:\/\/filosofium.evelyne-weissenbach.at\/index.php?rest_route=\/wp\/v2\/posts\/4280\/revisions"}],"predecessor-version":[{"id":4296,"href":"https:\/\/filosofium.evelyne-weissenbach.at\/index.php?rest_route=\/wp\/v2\/posts\/4280\/revisions\/4296"}],"wp:attachment":[{"href":"https:\/\/filosofium.evelyne-weissenbach.at\/index.php?rest_route=%2Fwp%2Fv2%2Fmedia&parent=4280"}],"wp:term":[{"taxonomy":"category","embeddable":true,"href":"https:\/\/filosofium.evelyne-weissenbach.at\/index.php?rest_route=%2Fwp%2Fv2%2Fcategories&post=4280"},{"taxonomy":"post_tag","embeddable":true,"href":"https:\/\/filosofium.evelyne-weissenbach.at\/index.php?rest_route=%2Fwp%2Fv2%2Ftags&post=4280"}],"curies":[{"name":"wp","href":"https:\/\/api.w.org\/{rel}","templated":true}]}}