{"id":467,"date":"2011-08-27T13:43:27","date_gmt":"2011-08-27T11:43:27","guid":{"rendered":"http:\/\/filosofium.wordpress.com\/?p=467"},"modified":"2011-08-27T13:43:27","modified_gmt":"2011-08-27T11:43:27","slug":"in-der-umarmung-des-vergessens-ix","status":"publish","type":"post","link":"https:\/\/filosofium.evelyne-weissenbach.at\/?p=467","title":{"rendered":"In der Umarmung des Vergessens IX."},"content":{"rendered":"<p>&nbsp;<\/p>\n<p><font size=\"4\"><strong>Theaterleben<\/strong><\/font><br \/>\n<font size=\"3\"><\/p>\n<p>Sie lebte auf einer B\u00fchne. Spielte ein St\u00fcck. Das niemand verstand.<br \/>\nIch brauchte Jahre. Es zu verstehen. Jahrzehnte.<br \/>\nNach vorne strahlend. Immer freundlich. Perfekte Mutter. Geliebte Frau. Sch\u00f6nes Heim.<br \/>\nIn den Kulissen wartete die Depression. Band ihr die Arme. Auf den R\u00fccken.<br \/>\nDer Text kam aus dem Souffleurkasten. F\u00fcr die Mutter. F\u00fcr die Frau.<br \/>\nAuf dem Schn\u00fcrboden hing schon das Vergessen. Auch das Vergessensein.<\/p>\n<p>Der Vorhang wurde immer schwerer. Und doch. T\u00e4gliches \u00d6ffnen. Vor dem falschen Publikum.<br \/>\nKein Applaus von mir. Nur von der Claque. Die in der ersten Reihe sa\u00df. Und von den Regisseuren in den wei\u00dfen M\u00e4nteln.<\/p>\n<p>Das neue St\u00fcck hie\u00df Mitleid. Mit allem. Mit jedem. Nur nicht mit mir.<br \/>\nIn den Pausen. Suche nach Botschaften. Von Hiob. Von Allen. Von Jedem. Nur nicht von mir.<br \/>\nDer Dialog wurde gestrichen. Der Monolog wurde geweint.<\/p>\n<p>Das letzte St\u00fcck:<br \/>\nPerfekte Mutter. Noch immer. Das Spiel: Viele Besuche. Das gibt Applaus. Von ihr. F\u00fcr sie.<br \/>\nUnd in der Pause. Ein Eis. Von mir. F\u00fcr sie.<\/p>\n<p><\/font><\/p>\n<p>&nbsp;<\/p>\n","protected":false},"excerpt":{"rendered":"<p>&nbsp; Theaterleben Sie lebte auf einer B\u00fchne. Spielte ein St\u00fcck. Das niemand verstand. Ich brauchte Jahre. Es zu verstehen. Jahrzehnte. Nach vorne strahlend. Immer freundlich. Perfekte Mutter. Geliebte Frau. Sch\u00f6nes Heim. In den Kulissen wartete die Depression. Band ihr die Arme. Auf den R\u00fccken. Der Text kam aus dem Souffleurkasten. F\u00fcr die Mutter. F\u00fcr die [&hellip;]<\/p>\n","protected":false},"author":2,"featured_media":0,"comment_status":"open","ping_status":"open","sticky":false,"template":"","format":"standard","meta":{"jetpack_post_was_ever_published":false,"_jetpack_newsletter_access":"","_jetpack_dont_email_post_to_subs":false,"_jetpack_newsletter_tier_id":0,"_jetpack_memberships_contains_paywalled_content":false,"_jetpack_memberships_contains_paid_content":false,"footnotes":"","jetpack_publicize_message":"","jetpack_publicize_feature_enabled":true,"jetpack_social_post_already_shared":false,"jetpack_social_options":{"image_generator_settings":{"template":"highway","default_image_id":0,"font":"","enabled":false},"version":2}},"categories":[4,14],"tags":[49,64,65,73,77,110,112,120,131,140,143,144,161,169,170,181,182,184,202],"class_list":["post-467","post","type-post","status-publish","format-standard","hentry","category-dementia-in-miniatures","category-in-der-umarmung-des-vergessens","tag-alzheimer","tag-bewusstmachung","tag-bewusstsein","tag-defizite","tag-demenz","tag-kindheit","tag-kolumne","tag-lebenshilfe","tag-literatur","tag-minderwertigkeitsgefuhl","tag-mutterbindung","tag-mutterliebe","tag-philosophie","tag-psychologie","tag-psychologisches-training","tag-selbsterkenntnis","tag-selbsthilfe","tag-selbstliebe","tag-vergesslichkeit"],"jetpack_publicize_connections":[],"jetpack_featured_media_url":"","jetpack_shortlink":"https:\/\/wp.me\/p3ZwSb-7x","jetpack_sharing_enabled":true,"jetpack_likes_enabled":true,"_links":{"self":[{"href":"https:\/\/filosofium.evelyne-weissenbach.at\/index.php?rest_route=\/wp\/v2\/posts\/467","targetHints":{"allow":["GET"]}}],"collection":[{"href":"https:\/\/filosofium.evelyne-weissenbach.at\/index.php?rest_route=\/wp\/v2\/posts"}],"about":[{"href":"https:\/\/filosofium.evelyne-weissenbach.at\/index.php?rest_route=\/wp\/v2\/types\/post"}],"author":[{"embeddable":true,"href":"https:\/\/filosofium.evelyne-weissenbach.at\/index.php?rest_route=\/wp\/v2\/users\/2"}],"replies":[{"embeddable":true,"href":"https:\/\/filosofium.evelyne-weissenbach.at\/index.php?rest_route=%2Fwp%2Fv2%2Fcomments&post=467"}],"version-history":[{"count":0,"href":"https:\/\/filosofium.evelyne-weissenbach.at\/index.php?rest_route=\/wp\/v2\/posts\/467\/revisions"}],"wp:attachment":[{"href":"https:\/\/filosofium.evelyne-weissenbach.at\/index.php?rest_route=%2Fwp%2Fv2%2Fmedia&parent=467"}],"wp:term":[{"taxonomy":"category","embeddable":true,"href":"https:\/\/filosofium.evelyne-weissenbach.at\/index.php?rest_route=%2Fwp%2Fv2%2Fcategories&post=467"},{"taxonomy":"post_tag","embeddable":true,"href":"https:\/\/filosofium.evelyne-weissenbach.at\/index.php?rest_route=%2Fwp%2Fv2%2Ftags&post=467"}],"curies":[{"name":"wp","href":"https:\/\/api.w.org\/{rel}","templated":true}]}}