{"id":4980,"date":"2018-01-13T15:16:30","date_gmt":"2018-01-13T14:16:30","guid":{"rendered":"http:\/\/filosofium.evelyne-weissenbach.at\/?p=4980"},"modified":"2018-01-13T15:16:30","modified_gmt":"2018-01-13T14:16:30","slug":"vorherdenker-statt-vordenker-gesucht","status":"publish","type":"post","link":"https:\/\/filosofium.evelyne-weissenbach.at\/?p=4980","title":{"rendered":"Vorherdenker statt Vordenker gesucht"},"content":{"rendered":"<p>Oft werde ich gefragt, warum ich mich &#8222;politisch&#8220; so exponiere, da ichs doch eigentlich mit Politik gar nicht habe. Mich an sich nicht daf\u00fcr interessiere. Also auch gar nicht mitreden k\u00f6nnte.<\/p>\n<p>Nun, das ist leicht gesagt.<\/p>\n<p>Ich richte mich nicht daran aus, was die Politiker so von sich geben. Was sie versprechen und dann halten oder nicht.<br \/>\nIch richte mich danach aus, WIE sie es sagen. Welche Haltung sie Menschen gegen\u00fcber einnehmen, welche Sprache sie sprechen und nehme auch das Gesamtbild ihrer Erscheinungen her, also nicht Aussehen, sondern K\u00f6rperhaltung, Gestik, Mimik. Aber das erst an letzter Stelle. Erst wenn es darum geht, ob ich ihnen ihre Aussagen bez\u00fcglich Menschenbehandlung abnehme oder nicht.<br \/>\nDenn es haben ja auch schon welche mit Kreide in der Stimme gesprochen.<\/p>\n<p>Aber bei uns ist das gar nicht mehr n\u00f6tig. Hier wird alles ausgesprochen. Die ganze furchtbare Menschenverachtung, der Hass auf Andersdenkende, Andershandelnde, AndersLEBENDE.<\/p>\n<p>Und es wird in der Sprache ausgesprochen, die bei den Leuten mit der &#8211; wie es mein Mann ausdr\u00fcckt &#8211; schlanken Intelligenz ankommt. N\u00e4mlich mit kleinem, aber rei\u00dferischem Wortschatz. Mit einem Deutsch, das gar nicht mehr Deutsch ist, sondern sich halt dem Bildungsniveau einer gew\u00fcnschten W\u00e4hlerschaft angleicht, von denen &#8222;verstanden&#8220; wird. Einer W\u00e4hlerschaft, die sich bisher nicht vertreten fand, weil sich Politiker oft in einer Sprache ausgedr\u00fcckt haben, die ein Mindestma\u00df an Bildung erforderte. Oder tats\u00e4chlich Politisches von sich gaben.<br \/>\nDie Demaskierung, die dadurch auftritt, ist f\u00fcr mich klar ersichtlich, und daran richte ich mich aus. Mehr brauchts gar nicht.<br \/>\nIch wei\u00df genau, wem ich mich anschlie\u00dfen will und wem nicht.<\/p>\n<p>Leuten, die Anderen etwas wegnehmen wollen, egal ob den &#8222;eigenen Leuten&#8220; oder Fremden, die Andere ausgrenzen wollen, sie pauschal abstempeln und vorverurteilen, die zur Verfolgung von Menschengruppen aufrufen. Die nat\u00fcrlich auch von den entsprechenden Politikern repr\u00e4sentiert werden.<br \/>\nOder Menschen, die Frieden und Zusammenhalt im Auge behalten, oder zumindest ihren Wunsch dazu ausdr\u00fccken, die \u00fcbergeordnete Zusammenh\u00e4nge erkennen k\u00f6nnen, die etwas f\u00fcr Bildung und Kultur \u00fcbrig haben, wozu auch die Sprachkultur geh\u00f6rt.<br \/>\nSomit auch nicht Politikern, die uns auf der ganzen Welt als unterbelichtete, bl\u00f6d vor sich hin brabbelnde Wesen dastehen lassen, die keine Ahnung haben, was sie denn so eigentlich von sich geben. Das im Nachhinein erst kompliziert aufkl\u00e4ren m\u00fcssen, und es doch gar nicht k\u00f6nnen, weil es eben <em>niemals unbeabsichtigt<\/em> ist.<br \/>\nDie sind n\u00e4mlich keineswegs naiv und ungebildet, sondern sie wollen nur diese Klientel erreichen, die keine andere Sprache annimmt. Weil sie nur mit denen stark werden k\u00f6nnen.<\/p>\n<p>Ich m\u00f6chte mich Menschen anschlie\u00dfen, mit denen ich mich weiterentwickeln kann, die daf\u00fcr etwas vorgeben, auch wenn nicht alles f\u00fcr mich zutreffen muss. Etwas das sich lohnt, es weiter zu entwickeln. Neid lohnt sich nicht! Hass lohnt sich nicht! Die bringen keine Entwicklung, sondern R\u00fcckschritt. R\u00fcckschritt, von dem man aus der Geschichte erfahren k\u00f6nnte, wohin er f\u00fchrt, wenn man ein Mindestma\u00df an Bildung in sein Leben einbindet und sich aufmerksam umsieht. Diskutiert, statt streitet.<br \/>\nAber f\u00fcr Diskussion braucht man Menschen, die ein bisschen Sprachkultur haben und nicht einfach nur unsensibel in die Welt gr\u00f6len.<\/p>\n<p>Nein, solchen Leute m\u00f6chte ICH mich nicht anschlie\u00dfen, und darum ist es f\u00fcr mich sehr einfach, mich &#8222;politisch&#8220; zu exponieren, obwohl ich mich f\u00fcr Politik gar nicht interessiere. <\/p>\n<p>&nbsp;<\/p>\n","protected":false},"excerpt":{"rendered":"<p>Oft werde ich gefragt, warum ich mich &#8222;politisch&#8220; so exponiere, da ichs doch eigentlich mit Politik gar nicht habe. Mich an sich nicht daf\u00fcr interessiere. Also auch gar nicht mitreden k\u00f6nnte. Nun, das ist leicht gesagt. Ich richte mich nicht daran aus, was die Politiker so von sich geben. Was sie versprechen und dann halten [&hellip;]<\/p>\n","protected":false},"author":1,"featured_media":0,"comment_status":"open","ping_status":"closed","sticky":false,"template":"","format":"standard","meta":{"jetpack_post_was_ever_published":false,"_jetpack_newsletter_access":"","_jetpack_dont_email_post_to_subs":false,"_jetpack_newsletter_tier_id":0,"_jetpack_memberships_contains_paywalled_content":false,"_jetpack_memberships_contains_paid_content":false,"footnotes":"","jetpack_publicize_message":"","jetpack_publicize_feature_enabled":true,"jetpack_social_post_already_shared":true,"jetpack_social_options":{"image_generator_settings":{"template":"highway","default_image_id":0,"font":"","enabled":false},"version":2}},"categories":[7,231,233],"tags":[343,885,886,884],"class_list":["post-4980","post","type-post","status-publish","format-standard","hentry","category-die-wichtigkeit-des-seins","category-humanitares","category-kolumne-2","tag-hasspropaganda","tag-menschenverachtung","tag-neid","tag-politik"],"jetpack_publicize_connections":[],"jetpack_featured_media_url":"","jetpack_shortlink":"https:\/\/wp.me\/p3ZwSb-1ik","jetpack_sharing_enabled":true,"jetpack_likes_enabled":true,"_links":{"self":[{"href":"https:\/\/filosofium.evelyne-weissenbach.at\/index.php?rest_route=\/wp\/v2\/posts\/4980","targetHints":{"allow":["GET"]}}],"collection":[{"href":"https:\/\/filosofium.evelyne-weissenbach.at\/index.php?rest_route=\/wp\/v2\/posts"}],"about":[{"href":"https:\/\/filosofium.evelyne-weissenbach.at\/index.php?rest_route=\/wp\/v2\/types\/post"}],"author":[{"embeddable":true,"href":"https:\/\/filosofium.evelyne-weissenbach.at\/index.php?rest_route=\/wp\/v2\/users\/1"}],"replies":[{"embeddable":true,"href":"https:\/\/filosofium.evelyne-weissenbach.at\/index.php?rest_route=%2Fwp%2Fv2%2Fcomments&post=4980"}],"version-history":[{"count":1,"href":"https:\/\/filosofium.evelyne-weissenbach.at\/index.php?rest_route=\/wp\/v2\/posts\/4980\/revisions"}],"predecessor-version":[{"id":4981,"href":"https:\/\/filosofium.evelyne-weissenbach.at\/index.php?rest_route=\/wp\/v2\/posts\/4980\/revisions\/4981"}],"wp:attachment":[{"href":"https:\/\/filosofium.evelyne-weissenbach.at\/index.php?rest_route=%2Fwp%2Fv2%2Fmedia&parent=4980"}],"wp:term":[{"taxonomy":"category","embeddable":true,"href":"https:\/\/filosofium.evelyne-weissenbach.at\/index.php?rest_route=%2Fwp%2Fv2%2Fcategories&post=4980"},{"taxonomy":"post_tag","embeddable":true,"href":"https:\/\/filosofium.evelyne-weissenbach.at\/index.php?rest_route=%2Fwp%2Fv2%2Ftags&post=4980"}],"curies":[{"name":"wp","href":"https:\/\/api.w.org\/{rel}","templated":true}]}}