{"id":4982,"date":"2018-01-14T13:32:31","date_gmt":"2018-01-14T12:32:31","guid":{"rendered":"http:\/\/filosofium.evelyne-weissenbach.at\/?p=4982"},"modified":"2023-02-04T17:33:33","modified_gmt":"2023-02-04T16:33:33","slug":"gespraech-unter-freundinnen-vi","status":"publish","type":"post","link":"https:\/\/filosofium.evelyne-weissenbach.at\/?p=4982","title":{"rendered":"Gespr\u00e4ch unter Freundinnen VI"},"content":{"rendered":"<p>Eigentlich dachte ich bisher, mein Freundeskreis sei doch mit mir eher gleichdenkend, was menschliche Belange angeht. Und ich hab das auch richtig gefunden, dass sich in meinem direkten Umfeld keine menschenverachtenden Leute befanden. Es geh\u00f6rte f\u00fcr mich zu meiner Authentizit\u00e4t. Ich konnte mir nicht vorstellen, dass ich Menschen &#8222;m\u00f6gen&#8220; k\u00f6nnte, die das blau\/braune Gedankengut vertreten. Ich gehe viel vom Sp\u00fcren aus und die Leute, die ich kenne, die sich dieser Richtung verschrieben haben, sp\u00fcren sich ja auch tats\u00e4chlich ganz anders an, als meine Freunde und engen Bekannten.<\/p>\n<p>Es gibt zwei, drei M\u00e4nner von Freundinnen, die dem Sozialstaat skeptisch gegen\u00fcberstehen und auch schon manchmal in Diskussionen ziemlich unreflektiert dar\u00fcber aushauen. Aber alles was ich dazu dachte war, dass ICH so einen Mann wohl nicht aushalten w\u00fcrde, aber meine Freundinnen waren davon nicht nicht betroffen und meine Freundschaft sowieso nicht.<\/p>\n<p>In den letzten Tagen wurde ich zweimal \u00fcberrascht. Sehr gute Freundinnen von mir outeten sich als Basti-Fans und dadurch nat\u00fcrlich auch als seine W\u00e4hlerinnen. Ich verstand die Welt nicht mehr.<\/p>\n<p>Und immer, wenn ich etwas nicht verstehe, und es mir \u00fcberdies enormes Unbehagen bereitet \u2026 schreibe ich. Ich muss meine Gedanken sortieren, muss \u00fcberpr\u00fcfen, wo ICH vielleicht etwas (an Basti) \u00fcbersehen habe.<br \/>\nErfreulicherweise geht\u2019s wenigstens nicht um den Bumsti. Also nat\u00fcrlich dann in weiterer Folge auch, aber den und die FP\u00d6 mag wirklich in meinem engen Umfeld niemand. Nicht einmal die oben erw\u00e4hnten M\u00e4nner.<\/p>\n<p>Diese beiden Freundinnen leben in sehr angenehmen Verh\u00e4ltnissen. Eine ist Pensionistin, und hat einen sehr beg\u00fcterten Lebenspartner, die andere ist Teilzeitsekret\u00e4rin mit Kindern, die vom Sozialsystem einige F\u00f6rderungen erfahren. Sie leben in eigenen H\u00e4usern, haben mehrere Autos, es gibt sch\u00f6ne Urlaube \u2026<\/p>\n<p>Nat\u00fcrlich fragte ich nach Argumenten. Und es kristallisierte sich ein eigenartiges Ph\u00e4nomen heraus.<br \/>\n&nbsp;<br \/>\n<strong>Es muss etwas ver\u00e4ndert werden!<\/strong><br \/>\n&nbsp;<br \/>\nAha. Und was?<br \/>\nIch interessiere mich nicht f\u00fcr Politik, aber so geht\u2019s nicht weiter.<br \/>\nJa, aber was? Dir geht\u2019s doch gut.<br \/>\nMir schon, aber es gibt sehr viele Leute, denen es nicht so gut geht.<br \/>\nUnd f\u00fcr die muss sich was ver\u00e4ndern?<br \/>\nJa.<br \/>\nUnd was wird der Basti tun, dass es denen besser geht?<br \/>\nEr wird das System ver\u00e4ndern.<br \/>\nAber wir haben ein gutes System, ein demokratisches, ein Sozialsystem \u2026 also f\u00fcr Leute, die Unterst\u00fctzung brauchen.<br \/>\nJa, das wird er ja auch nicht ver\u00e4ndern.<br \/>\nAlso was wird er ver\u00e4ndern?<br \/>\nDie Politik halt. Ich interessiere mich ja nicht daf\u00fcr, aber da muss einiges ver\u00e4ndert werden.<br \/>\nUnd der Kern h\u00e4tt das nicht gemacht?<br \/>\nNein, der h\u00e4tte nur wieder Unsummen f\u00fcr irgendwelche Sozialleistungen oder F\u00f6rderungen an irgendwelche Leute ausgegeben.<br \/>\nUnd das ist nicht sozial?<br \/>\nSchon, aber so geht\u2019s nicht weiter. Das k\u00f6nnen wir uns nicht leisten. Es m\u00fcssen die gef\u00f6rdert werden, die der Wirtschaft etwas bringen, nicht die, die sie was kosten.<br \/>\nDaf\u00fcr braucht man doch kein Sozialsystem. Das wird immer kosten.<br \/>\nSchon. Aber es muss ver\u00e4ndert werden.<br \/>\nEr hat Arbeitspl\u00e4tze gef\u00f6rdert. Basti hat die F\u00f6rderung zur\u00fcckgenommen.<br \/>\nWeil wir sie uns nicht leisten k\u00f6nnen.<br \/>\nWer genau jetzt nicht? Du? Ich?<br \/>\nDer Staat! Der geht so bankrott.<br \/>\nWas soll also gef\u00f6rdert werden?<br \/>\nNo ja, das was der Staat braucht.<br \/>\nAlso nicht die sozialen Belange, nicht die Kultur und Bildung.<br \/>\nO ja nat\u00fcrlich, das braucht der Staat ja auch.<br \/>\nAber die will er doch k\u00fcrzen.<br \/>\nNein, die nicht.<br \/>\nAber er hat ja schon begonnen.<br \/>\nNa, jetzt lass ihn doch einmal arbeiten.<br \/>\nAber er k\u00fcrzt bereits die Sozialleistungen. Er setzt eine gro\u00dfe Gruppe unserer Bev\u00f6lkerung gr\u00f6\u00dferer Armut aus.<br \/>\nDas gilt ja nur f\u00fcr die Ausl\u00e4nder.<br \/>\nWie bitte? Seit wann bist du gegen Ausl\u00e4nder?<br \/>\nNat\u00fcrlich bin ich nicht gegen Ausl\u00e4nder, aber so geht das auch nicht, dass wir alles f\u00fcr irgendwelche Leute zahlen, wir haben selber genug Arme.<br \/>\nJa, aber denen nimmt er ja jetzt was weg.<br \/>\nIch kenn mich da nicht so aus, aber es muss einfach was ver\u00e4ndert werden. Lass ihn doch arbeiten.<br \/>\nUnd da darf es Bauernopfer geben?<br \/>\nNein, nat\u00fcrlich nicht. Aber allen kann man eben nicht helfen.<br \/>\nWem wird aber jetzt geholfen?<br \/>\nNa, dem Staat.<br \/>\nAha, und wer ist der Staat?<br \/>\nNa wir.<br \/>\nUnd wie wird dir jetzt geholfen?<br \/>\nMir braucht keiner helfen. Ich bin davon ja nicht betroffen.<br \/>\nAlso weshalb bist du dann daf\u00fcr?<br \/>\nWeil etwas ver\u00e4ndert werden muss.<\/p>\n<p>&nbsp;<\/p>\n<p>Fazit: Wahlwerbung offensichtlich gegl\u00fcckt &#8230;<\/p>\n<p>&nbsp;<\/p>\n","protected":false},"excerpt":{"rendered":"<p>Eigentlich dachte ich bisher, mein Freundeskreis sei doch mit mir eher gleichdenkend, was menschliche Belange angeht. Und ich hab das auch richtig gefunden, dass sich in meinem direkten Umfeld keine menschenverachtenden Leute befanden. Es geh\u00f6rte f\u00fcr mich zu meiner Authentizit\u00e4t. Ich konnte mir nicht vorstellen, dass ich Menschen &#8222;m\u00f6gen&#8220; k\u00f6nnte, die das blau\/braune Gedankengut vertreten. [&hellip;]<\/p>\n","protected":false},"author":1,"featured_media":0,"comment_status":"open","ping_status":"closed","sticky":false,"template":"","format":"standard","meta":{"jetpack_post_was_ever_published":false,"_jetpack_newsletter_access":"","_jetpack_dont_email_post_to_subs":false,"_jetpack_newsletter_tier_id":0,"_jetpack_memberships_contains_paywalled_content":false,"_jetpack_memberships_contains_paid_content":false,"footnotes":"","jetpack_publicize_message":"","jetpack_publicize_feature_enabled":true,"jetpack_social_post_already_shared":true,"jetpack_social_options":{"image_generator_settings":{"template":"highway","default_image_id":0,"font":"","enabled":false},"version":2}},"categories":[7,230,231],"tags":[890,887,888,889,891],"class_list":["post-4982","post","type-post","status-publish","format-standard","hentry","category-die-wichtigkeit-des-seins","category-girls-talk","category-humanitares","tag-soziales-verhalten","tag-sozialleistungen","tag-sozialstaat","tag-sozialsystem","tag-wahlwerbung"],"jetpack_publicize_connections":[],"jetpack_featured_media_url":"","jetpack_shortlink":"https:\/\/wp.me\/p3ZwSb-1im","jetpack_sharing_enabled":true,"jetpack_likes_enabled":true,"_links":{"self":[{"href":"https:\/\/filosofium.evelyne-weissenbach.at\/index.php?rest_route=\/wp\/v2\/posts\/4982","targetHints":{"allow":["GET"]}}],"collection":[{"href":"https:\/\/filosofium.evelyne-weissenbach.at\/index.php?rest_route=\/wp\/v2\/posts"}],"about":[{"href":"https:\/\/filosofium.evelyne-weissenbach.at\/index.php?rest_route=\/wp\/v2\/types\/post"}],"author":[{"embeddable":true,"href":"https:\/\/filosofium.evelyne-weissenbach.at\/index.php?rest_route=\/wp\/v2\/users\/1"}],"replies":[{"embeddable":true,"href":"https:\/\/filosofium.evelyne-weissenbach.at\/index.php?rest_route=%2Fwp%2Fv2%2Fcomments&post=4982"}],"version-history":[{"count":8,"href":"https:\/\/filosofium.evelyne-weissenbach.at\/index.php?rest_route=\/wp\/v2\/posts\/4982\/revisions"}],"predecessor-version":[{"id":8452,"href":"https:\/\/filosofium.evelyne-weissenbach.at\/index.php?rest_route=\/wp\/v2\/posts\/4982\/revisions\/8452"}],"wp:attachment":[{"href":"https:\/\/filosofium.evelyne-weissenbach.at\/index.php?rest_route=%2Fwp%2Fv2%2Fmedia&parent=4982"}],"wp:term":[{"taxonomy":"category","embeddable":true,"href":"https:\/\/filosofium.evelyne-weissenbach.at\/index.php?rest_route=%2Fwp%2Fv2%2Fcategories&post=4982"},{"taxonomy":"post_tag","embeddable":true,"href":"https:\/\/filosofium.evelyne-weissenbach.at\/index.php?rest_route=%2Fwp%2Fv2%2Ftags&post=4982"}],"curies":[{"name":"wp","href":"https:\/\/api.w.org\/{rel}","templated":true}]}}