{"id":503,"date":"2011-08-29T14:09:22","date_gmt":"2011-08-29T12:09:22","guid":{"rendered":"http:\/\/filosofium.wordpress.com\/?p=503"},"modified":"2019-04-01T12:48:47","modified_gmt":"2019-04-01T10:48:47","slug":"dann-liebte-ich","status":"publish","type":"post","link":"https:\/\/filosofium.evelyne-weissenbach.at\/?p=503","title":{"rendered":"dann liebte ich"},"content":{"rendered":"<p><span style=\"font-size: medium;\"><br \/>\n<strong>dann liebte ich<\/strong><\/span><\/p>\n<p>den morgen<br \/>\nder \u00fcber deinem scheitel<br \/>\naufstieg<\/p>\n<p>liebte den mittag<br \/>\nden dein mund<br \/>\nzerbiss<\/p>\n<p>und dann den abend<br \/>\nd\u00e4mmern<br \/>\nin deinen augen<\/p>\n<p>liebte die nacht<br \/>\ndie deinem scho\u00df<br \/>\nentstr\u00f6mt<\/p>\n<p>dann liebe ich<br \/>\nden morgen<\/p>\n<p><span style=\"font-size: medium;\">der \u00fcber deinem scheitel<br \/>\naufsteigt<br \/>\n<\/span><\/p>\n<p><em>\u00a9 evelyne w.<\/em><\/p>\n","protected":false},"excerpt":{"rendered":"<p>dann liebte ich den morgen der \u00fcber deinem scheitel aufstieg liebte den mittag den dein mund zerbiss und dann den abend d\u00e4mmern in deinen augen liebte die nacht die deinem scho\u00df entstr\u00f6mt dann liebe ich den morgen der \u00fcber deinem scheitel aufsteigt \u00a9 evelyne w.<\/p>\n","protected":false},"author":2,"featured_media":0,"comment_status":"open","ping_status":"open","sticky":false,"template":"","format":"standard","meta":{"jetpack_post_was_ever_published":false,"_jetpack_newsletter_access":"","_jetpack_dont_email_post_to_subs":false,"_jetpack_newsletter_tier_id":0,"_jetpack_memberships_contains_paywalled_content":false,"_jetpack_memberships_contains_paid_content":false,"footnotes":"","jetpack_publicize_message":"","jetpack_publicize_feature_enabled":true,"jetpack_social_post_already_shared":false,"jetpack_social_options":{"image_generator_settings":{"template":"highway","default_image_id":0,"font":"","enabled":false},"version":2}},"categories":[15,9],"tags":[91,128,129,131,133,206],"class_list":["post-503","post","type-post","status-publish","format-standard","hentry","category-liebesgedichte-gedichte","category-gedichte-2","tag-gedichte","tag-liebesgedichte","tag-liebeslyrik","tag-literatur","tag-lyrik","tag-verse"],"jetpack_publicize_connections":[],"jetpack_featured_media_url":"","jetpack_shortlink":"https:\/\/wp.me\/p3ZwSb-87","jetpack_sharing_enabled":true,"jetpack_likes_enabled":true,"_links":{"self":[{"href":"https:\/\/filosofium.evelyne-weissenbach.at\/index.php?rest_route=\/wp\/v2\/posts\/503","targetHints":{"allow":["GET"]}}],"collection":[{"href":"https:\/\/filosofium.evelyne-weissenbach.at\/index.php?rest_route=\/wp\/v2\/posts"}],"about":[{"href":"https:\/\/filosofium.evelyne-weissenbach.at\/index.php?rest_route=\/wp\/v2\/types\/post"}],"author":[{"embeddable":true,"href":"https:\/\/filosofium.evelyne-weissenbach.at\/index.php?rest_route=\/wp\/v2\/users\/2"}],"replies":[{"embeddable":true,"href":"https:\/\/filosofium.evelyne-weissenbach.at\/index.php?rest_route=%2Fwp%2Fv2%2Fcomments&post=503"}],"version-history":[{"count":1,"href":"https:\/\/filosofium.evelyne-weissenbach.at\/index.php?rest_route=\/wp\/v2\/posts\/503\/revisions"}],"predecessor-version":[{"id":5537,"href":"https:\/\/filosofium.evelyne-weissenbach.at\/index.php?rest_route=\/wp\/v2\/posts\/503\/revisions\/5537"}],"wp:attachment":[{"href":"https:\/\/filosofium.evelyne-weissenbach.at\/index.php?rest_route=%2Fwp%2Fv2%2Fmedia&parent=503"}],"wp:term":[{"taxonomy":"category","embeddable":true,"href":"https:\/\/filosofium.evelyne-weissenbach.at\/index.php?rest_route=%2Fwp%2Fv2%2Fcategories&post=503"},{"taxonomy":"post_tag","embeddable":true,"href":"https:\/\/filosofium.evelyne-weissenbach.at\/index.php?rest_route=%2Fwp%2Fv2%2Ftags&post=503"}],"curies":[{"name":"wp","href":"https:\/\/api.w.org\/{rel}","templated":true}]}}