{"id":5030,"date":"2018-06-27T12:04:37","date_gmt":"2018-06-27T10:04:37","guid":{"rendered":"http:\/\/filosofium.evelyne-weissenbach.at\/?p=5030"},"modified":"2018-06-27T12:10:19","modified_gmt":"2018-06-27T10:10:19","slug":"vergaukelt","status":"publish","type":"post","link":"https:\/\/filosofium.evelyne-weissenbach.at\/?p=5030","title":{"rendered":"verschaukelt"},"content":{"rendered":"<p>&nbsp;<\/p>\n<p>ein gaukler bin ich.<br \/>\nflattere.<br \/>\nmit bunten fl\u00fcgeln<br \/>\n\u00fcber die w\u00fcsten der welt<\/p>\n<p>schaukle.<br \/>\nmit beschwingten augen<br \/>\nzu den rhythmen der<br \/>\ntrommeln der finsternis<\/p>\n<p>tanze.<br \/>\nmit gl\u00f6ckchen am schuh<br \/>\nan den kratern der vulkane<br \/>\nmeiner angst<\/p>\n<p>&nbsp;<\/p>\n<p>\u00a9 evelyne w.<\/p>\n<p>&nbsp;<\/p>\n<p>&nbsp;<\/p>\n","protected":false},"excerpt":{"rendered":"<p>&nbsp; ein gaukler bin ich. flattere. mit bunten fl\u00fcgeln \u00fcber die w\u00fcsten der welt schaukle. mit beschwingten augen zu den rhythmen der trommeln der finsternis tanze. mit gl\u00f6ckchen am schuh an den kratern der vulkane meiner angst &nbsp; \u00a9 evelyne w. &nbsp; &nbsp;<\/p>\n","protected":false},"author":1,"featured_media":0,"comment_status":"open","ping_status":"closed","sticky":false,"template":"","format":"standard","meta":{"jetpack_post_was_ever_published":false,"_jetpack_newsletter_access":"","_jetpack_dont_email_post_to_subs":false,"_jetpack_newsletter_tier_id":0,"_jetpack_memberships_contains_paywalled_content":false,"_jetpack_memberships_contains_paid_content":false,"footnotes":"","jetpack_publicize_message":"","jetpack_publicize_feature_enabled":true,"jetpack_social_post_already_shared":true,"jetpack_social_options":{"image_generator_settings":{"template":"highway","default_image_id":0,"font":"","enabled":false},"version":2}},"categories":[579,9],"tags":[893,324,894],"class_list":["post-5030","post","type-post","status-publish","format-standard","hentry","category-lebensgedichte","category-gedichte-2","tag-aengste","tag-frieden","tag-schoenes-leben"],"jetpack_publicize_connections":[],"jetpack_featured_media_url":"","jetpack_shortlink":"https:\/\/wp.me\/p3ZwSb-1j8","jetpack_sharing_enabled":true,"jetpack_likes_enabled":true,"_links":{"self":[{"href":"https:\/\/filosofium.evelyne-weissenbach.at\/index.php?rest_route=\/wp\/v2\/posts\/5030","targetHints":{"allow":["GET"]}}],"collection":[{"href":"https:\/\/filosofium.evelyne-weissenbach.at\/index.php?rest_route=\/wp\/v2\/posts"}],"about":[{"href":"https:\/\/filosofium.evelyne-weissenbach.at\/index.php?rest_route=\/wp\/v2\/types\/post"}],"author":[{"embeddable":true,"href":"https:\/\/filosofium.evelyne-weissenbach.at\/index.php?rest_route=\/wp\/v2\/users\/1"}],"replies":[{"embeddable":true,"href":"https:\/\/filosofium.evelyne-weissenbach.at\/index.php?rest_route=%2Fwp%2Fv2%2Fcomments&post=5030"}],"version-history":[{"count":4,"href":"https:\/\/filosofium.evelyne-weissenbach.at\/index.php?rest_route=\/wp\/v2\/posts\/5030\/revisions"}],"predecessor-version":[{"id":5034,"href":"https:\/\/filosofium.evelyne-weissenbach.at\/index.php?rest_route=\/wp\/v2\/posts\/5030\/revisions\/5034"}],"wp:attachment":[{"href":"https:\/\/filosofium.evelyne-weissenbach.at\/index.php?rest_route=%2Fwp%2Fv2%2Fmedia&parent=5030"}],"wp:term":[{"taxonomy":"category","embeddable":true,"href":"https:\/\/filosofium.evelyne-weissenbach.at\/index.php?rest_route=%2Fwp%2Fv2%2Fcategories&post=5030"},{"taxonomy":"post_tag","embeddable":true,"href":"https:\/\/filosofium.evelyne-weissenbach.at\/index.php?rest_route=%2Fwp%2Fv2%2Ftags&post=5030"}],"curies":[{"name":"wp","href":"https:\/\/api.w.org\/{rel}","templated":true}]}}