{"id":5080,"date":"2018-12-02T14:21:16","date_gmt":"2018-12-02T13:21:16","guid":{"rendered":"http:\/\/filosofium.evelyne-weissenbach.at\/?p=5080"},"modified":"2018-12-02T14:21:21","modified_gmt":"2018-12-02T13:21:21","slug":"als-ich-weihnachten-liebte","status":"publish","type":"post","link":"https:\/\/filosofium.evelyne-weissenbach.at\/?p=5080","title":{"rendered":"als ich weihnachten liebte"},"content":{"rendered":"\n<p>&nbsp;<\/p>\n\n\n\n<p>legte die freude auf die geburt<br>\ndes menschenkindes<br>\nstille und einkehr \u00fcber die welt<\/p>\n\n\n\n<p>oft nur kurz<br>\naber sp\u00fcrbar<br>\nimmer wieder ein hauch<br>\nder mich streifte<\/p>\n\n\n\n<p>von frieden<br>\nvon hoffnung<br>\nvon miteinander<\/p>\n\n\n\n<p>h\u00e4nde \u00f6ffneten sich<br>\num zu geben<\/p>\n\n\n\n<p>als ich weihnachten liebte<br>\nmusste ich mich nicht fragen<\/p>\n\n\n\n<p>was haben die menschen<br>aus der weihnacht gemacht?<\/p>\n\n\n\n<p>&nbsp;<\/p>\n\n\n\n<p>\u00a9 evelyne w.<\/p>\n","protected":false},"excerpt":{"rendered":"<p>&nbsp; legte die freude auf die geburt des menschenkindes stille und einkehr \u00fcber die welt oft nur kurz aber sp\u00fcrbar immer wieder ein hauch der mich streifte von frieden von hoffnung von miteinander h\u00e4nde \u00f6ffneten sich um zu geben als ich weihnachten liebte musste ich mich nicht fragen was haben die menschenaus der weihnacht gemacht? [&hellip;]<\/p>\n","protected":false},"author":1,"featured_media":0,"comment_status":"open","ping_status":"closed","sticky":false,"template":"","format":"standard","meta":{"jetpack_post_was_ever_published":false,"_jetpack_newsletter_access":"","_jetpack_dont_email_post_to_subs":false,"_jetpack_newsletter_tier_id":0,"_jetpack_memberships_contains_paywalled_content":false,"_jetpack_memberships_contains_paid_content":false,"footnotes":"","jetpack_publicize_message":"","jetpack_publicize_feature_enabled":true,"jetpack_social_post_already_shared":true,"jetpack_social_options":{"image_generator_settings":{"template":"highway","default_image_id":0,"font":"","enabled":false},"version":2}},"categories":[242,1],"tags":[39,209,524,211],"class_list":["post-5080","post","type-post","status-publish","format-standard","hentry","category-weihnachtsgedichte-gedichte","category-allgemein","tag-advent","tag-weihnachten-2","tag-weihnachtsgedanken","tag-weihnachtsgedicht"],"jetpack_publicize_connections":[],"jetpack_featured_media_url":"","jetpack_shortlink":"https:\/\/wp.me\/p3ZwSb-1jW","jetpack_sharing_enabled":true,"jetpack_likes_enabled":true,"_links":{"self":[{"href":"https:\/\/filosofium.evelyne-weissenbach.at\/index.php?rest_route=\/wp\/v2\/posts\/5080","targetHints":{"allow":["GET"]}}],"collection":[{"href":"https:\/\/filosofium.evelyne-weissenbach.at\/index.php?rest_route=\/wp\/v2\/posts"}],"about":[{"href":"https:\/\/filosofium.evelyne-weissenbach.at\/index.php?rest_route=\/wp\/v2\/types\/post"}],"author":[{"embeddable":true,"href":"https:\/\/filosofium.evelyne-weissenbach.at\/index.php?rest_route=\/wp\/v2\/users\/1"}],"replies":[{"embeddable":true,"href":"https:\/\/filosofium.evelyne-weissenbach.at\/index.php?rest_route=%2Fwp%2Fv2%2Fcomments&post=5080"}],"version-history":[{"count":3,"href":"https:\/\/filosofium.evelyne-weissenbach.at\/index.php?rest_route=\/wp\/v2\/posts\/5080\/revisions"}],"predecessor-version":[{"id":5083,"href":"https:\/\/filosofium.evelyne-weissenbach.at\/index.php?rest_route=\/wp\/v2\/posts\/5080\/revisions\/5083"}],"wp:attachment":[{"href":"https:\/\/filosofium.evelyne-weissenbach.at\/index.php?rest_route=%2Fwp%2Fv2%2Fmedia&parent=5080"}],"wp:term":[{"taxonomy":"category","embeddable":true,"href":"https:\/\/filosofium.evelyne-weissenbach.at\/index.php?rest_route=%2Fwp%2Fv2%2Fcategories&post=5080"},{"taxonomy":"post_tag","embeddable":true,"href":"https:\/\/filosofium.evelyne-weissenbach.at\/index.php?rest_route=%2Fwp%2Fv2%2Ftags&post=5080"}],"curies":[{"name":"wp","href":"https:\/\/api.w.org\/{rel}","templated":true}]}}