{"id":5153,"date":"2019-01-18T17:44:38","date_gmt":"2019-01-18T16:44:38","guid":{"rendered":"http:\/\/filosofium.evelyne-weissenbach.at\/?p=5153"},"modified":"2019-01-19T13:19:07","modified_gmt":"2019-01-19T12:19:07","slug":"die-freiheit-des-menschen-ii","status":"publish","type":"post","link":"https:\/\/filosofium.evelyne-weissenbach.at\/?p=5153","title":{"rendered":"Die Freiheit des Menschen II"},"content":{"rendered":"\r\n<p>&nbsp;<\/p>\r\n<p>Nehmen wir nun einmal das g\u00e4ngigste Beispiel f\u00fcr unerkannte Unfreiheit in unseren Gesellschaftsformen: Die Gesundheit &#8211; und als erstes Unterbeispiel:<\/p>\r\n<p>&nbsp;<\/p>\r\n<h4>Der Ern\u00e4hrungszwang<\/h4>\r\n<p>Es gibt wohl so gut wie niemanden mehr in unserer Gesellschaft, der wirklich so isst, wie er es tats\u00e4chlich selber will.<\/p>\r\n<p>&nbsp;<\/p>\r\n\r\n\r\n\r\n<p style=\"text-align: center;\"><img loading=\"lazy\" decoding=\"async\" class=\"aligncenter size-full wp-image-5181\" src=\"http:\/\/filosofium.evelyne-weissenbach.at\/wp-content\/uploads\/2019\/01\/ernaehrung.png\" alt=\"\" width=\"593\" height=\"380\" srcset=\"https:\/\/filosofium.evelyne-weissenbach.at\/wp-content\/uploads\/2019\/01\/ernaehrung.png 593w, https:\/\/filosofium.evelyne-weissenbach.at\/wp-content\/uploads\/2019\/01\/ernaehrung-300x192.png 300w\" sizes=\"auto, (max-width: 593px) 100vw, 593px\" \/><\/p>\r\n\r\n\r\n\r\n<p>&nbsp;<\/p>\r\n\r\n\r\n\r\n<p>Rund um die Ern\u00e4hrung wurde ein derartiger Zwangsballon aufgeblasen, dem sich die meisten h\u00f6chst freiwillig unterordnen. Und im selben Augenblick ihre Freiheit vollkommen untergraben.<\/p>\r\n\r\n\r\n\r\n<p>Denn das besonders traurige daran: Diese Menschen werden sich in nichts und nirgends frei f\u00fchlen k\u00f6nnen!<\/p>\r\n\r\n\r\n\r\n<p>Die Freiheit ist unteilbar! Es ist so, dass man sich vielleicht zeitweise eben nicht frei f\u00fchlen kann &#8211; und es dann auch tats\u00e4chlich nicht ist. Aber es gibt keine M\u00f6glichkeit, in einem Bereich nicht frei zu sein und in anderen doch. Dann hat man nur das Wesen der Freiheit nicht verstanden.<\/p>\r\n\r\n\r\n\r\n<p>Wenn man sich sogenannten wissenschaftlichen Egebnissen unterwirft, und sich dadurch unter Zwang und Disziplin setzen l\u00e4sst, steigt die Unlogik, die Freiheit betreffend, doch sofort aus den Zeilen. Man unterwirft sich einer Macht, die von au\u00dfen auf einen einwirkt und die leider, bei genauem Hinsehen klar erkennbar, dem Marketing des Konsumszwangs entspringt.<\/p>\r\n\r\n\r\n\r\n<p>Diese dauernde Regelung unseres Essverhaltens durch t\u00e4glich abge\u00e4nderte &#8222;wissenschaftliche Erkenntnisse&#8220; zielt doch auf nichts anderes ab, als uns in Abh\u00e4ngigkeiten zu halten. Unsere eigene gesunde Wahrnehmung als unzureichend hinzustellen und uns deshalb vorgefertigte Programme und Erfahrungswerte vorzusetzen.<\/p>\r\n\r\n\r\n\r\n<p>Aber bitte warum vertrauen wir denn nicht unseren eigenen Erfahrungswerten? Jeder Mensch hat diese M\u00f6glichkeit!<\/p>\r\n\r\n\r\n\r\n<p>\u00dcber dieses Warum k\u00f6nnte man nun nat\u00fcrlich meterlange Abhandlungen schreiben. Menschen in Abh\u00e4ngigkeit zu bringen und halten, bringt nat\u00fcrlich sehr viel Macht und sehr viel Geld.<\/p>\r\n\r\n\r\n\r\n<p>Mir geht es aber derzeit mehr darum, einfach die Unfreiheit aufzuzeigen. In Bereichen, wo sie als selbstverst\u00e4ndlich angenommen und nicht einmal mehr erkannt wird.<\/p>\r\n\r\n\r\n\r\n<p>Ich m\u00f6chte euch bitten, euch eine ganz einfache Frage ehrlich zu beantworten: F\u00fchlt ihr euch frei, zu essen, wann ihr wollt und was ihr wollt?<\/p>\r\n\r\n\r\n\r\n<p>Macht einmal den Versuch, aufzustehen, tief einzuatmen, den R\u00fccken durchzustrecken und laut zu sagen:<\/p>\r\n\r\n\r\n\r\n<p>Ich esse wann ich will, ich esse was ich will und ich hab Freude daran.<\/p>\r\n\r\n\r\n\r\n<p>Was l\u00f6st das in euch aus?<\/p>\r\n\r\n\r\n\r\n<p>Ihr m\u00fcsst das nicht mir beantworten. Aber f\u00fcr euch im stillen K\u00e4mmerlein k\u00f6nnte es euch viel bringen. Auf jeden Fall w\u00fcrde es euch den ersten Schritt in die Freiheit zeigen und sie wohl auch f\u00fcr diesen Augenblick f\u00fchlen lassen. Und dann gibt es die freie Entscheidung: Wie sieht mein n\u00e4chster Schritt aus? Wieder in Abh\u00e4ngigkeit, oder weiter auf dem Weg in die Freiheit?<\/p>\r\n","protected":false},"excerpt":{"rendered":"<p>&nbsp; Nehmen wir nun einmal das g\u00e4ngigste Beispiel f\u00fcr unerkannte Unfreiheit in unseren Gesellschaftsformen: Die Gesundheit &#8211; und als erstes Unterbeispiel: &nbsp; Der Ern\u00e4hrungszwang Es gibt wohl so gut wie niemanden mehr in unserer Gesellschaft, der wirklich so isst, wie er es tats\u00e4chlich selber will. &nbsp; &nbsp; Rund um die Ern\u00e4hrung wurde ein derartiger Zwangsballon [&hellip;]<\/p>\n","protected":false},"author":1,"featured_media":0,"comment_status":"open","ping_status":"closed","sticky":false,"template":"","format":"standard","meta":{"jetpack_post_was_ever_published":false,"_jetpack_newsletter_access":"","_jetpack_dont_email_post_to_subs":false,"_jetpack_newsletter_tier_id":0,"_jetpack_memberships_contains_paywalled_content":false,"_jetpack_memberships_contains_paid_content":false,"footnotes":"","jetpack_publicize_message":"","jetpack_publicize_feature_enabled":true,"jetpack_social_post_already_shared":true,"jetpack_social_options":{"image_generator_settings":{"template":"highway","default_image_id":0,"font":"","enabled":false},"version":2}},"categories":[7,24],"tags":[905,909,908,906,648,907],"class_list":["post-5153","post","type-post","status-publish","format-standard","hentry","category-die-wichtigkeit-des-seins","category-selbst-liebe-lernen","tag-ernaehrung","tag-essensdisziplin","tag-essensgewohnheiten","tag-essenszwang","tag-freiheit","tag-gesundheitszwang"],"jetpack_publicize_connections":[],"jetpack_featured_media_url":"","jetpack_shortlink":"https:\/\/wp.me\/p3ZwSb-1l7","jetpack_sharing_enabled":true,"jetpack_likes_enabled":true,"_links":{"self":[{"href":"https:\/\/filosofium.evelyne-weissenbach.at\/index.php?rest_route=\/wp\/v2\/posts\/5153","targetHints":{"allow":["GET"]}}],"collection":[{"href":"https:\/\/filosofium.evelyne-weissenbach.at\/index.php?rest_route=\/wp\/v2\/posts"}],"about":[{"href":"https:\/\/filosofium.evelyne-weissenbach.at\/index.php?rest_route=\/wp\/v2\/types\/post"}],"author":[{"embeddable":true,"href":"https:\/\/filosofium.evelyne-weissenbach.at\/index.php?rest_route=\/wp\/v2\/users\/1"}],"replies":[{"embeddable":true,"href":"https:\/\/filosofium.evelyne-weissenbach.at\/index.php?rest_route=%2Fwp%2Fv2%2Fcomments&post=5153"}],"version-history":[{"count":11,"href":"https:\/\/filosofium.evelyne-weissenbach.at\/index.php?rest_route=\/wp\/v2\/posts\/5153\/revisions"}],"predecessor-version":[{"id":5182,"href":"https:\/\/filosofium.evelyne-weissenbach.at\/index.php?rest_route=\/wp\/v2\/posts\/5153\/revisions\/5182"}],"wp:attachment":[{"href":"https:\/\/filosofium.evelyne-weissenbach.at\/index.php?rest_route=%2Fwp%2Fv2%2Fmedia&parent=5153"}],"wp:term":[{"taxonomy":"category","embeddable":true,"href":"https:\/\/filosofium.evelyne-weissenbach.at\/index.php?rest_route=%2Fwp%2Fv2%2Fcategories&post=5153"},{"taxonomy":"post_tag","embeddable":true,"href":"https:\/\/filosofium.evelyne-weissenbach.at\/index.php?rest_route=%2Fwp%2Fv2%2Ftags&post=5153"}],"curies":[{"name":"wp","href":"https:\/\/api.w.org\/{rel}","templated":true}]}}