{"id":5222,"date":"2019-01-24T15:29:44","date_gmt":"2019-01-24T14:29:44","guid":{"rendered":"http:\/\/filosofium.evelyne-weissenbach.at\/?p=5222"},"modified":"2019-01-24T15:30:27","modified_gmt":"2019-01-24T14:30:27","slug":"5222","status":"publish","type":"post","link":"https:\/\/filosofium.evelyne-weissenbach.at\/?p=5222","title":{"rendered":"gefl\u00fcgelte worte"},"content":{"rendered":"\n<p>spann meine fl\u00fcgel<br>\nin die weite<br>\nmeiner gedanken<br><br>\n\ndie tatsachen liegen tief<br>\nunter mir werfen schatten<br>\ndunkle flecken \u00fcber die t\u00fcrme<br>\nder tr\u00e4ume<br><br>\n\nauf die wege der hoffnung<br>\ntreten mit kreisenden armen<br>\ndie h\u00fcter der worte<br><br>\n\num meine gedanken<br>\nzu spannen weit<br>\nwie fl\u00fcgel<br>\n<\/p>\n\n\n\n\n<p>&nbsp;<\/p><p>&nbsp;<\/p>\n\u00a9 <span style=\"font-size:12px\">evelyne w. <\/span>\n<p>&nbsp;<\/p><p>&nbsp;<\/p>\n","protected":false},"excerpt":{"rendered":"<p>spann meine fl\u00fcgel in die weite meiner gedanken die tatsachen liegen tief unter mir werfen schatten dunkle flecken \u00fcber die t\u00fcrme der tr\u00e4ume auf die wege der hoffnung treten mit kreisenden armen die h\u00fcter der worte um meine gedanken zu spannen weit wie fl\u00fcgel &nbsp; &nbsp; \u00a9 evelyne w. &nbsp; &nbsp;<\/p>\n","protected":false},"author":1,"featured_media":0,"comment_status":"open","ping_status":"closed","sticky":false,"template":"","format":"standard","meta":{"jetpack_post_was_ever_published":false,"_jetpack_newsletter_access":"","_jetpack_dont_email_post_to_subs":false,"_jetpack_newsletter_tier_id":0,"_jetpack_memberships_contains_paywalled_content":false,"_jetpack_memberships_contains_paid_content":false,"footnotes":"","jetpack_publicize_message":"","jetpack_publicize_feature_enabled":true,"jetpack_social_post_already_shared":true,"jetpack_social_options":{"image_generator_settings":{"template":"highway","default_image_id":0,"font":"","enabled":false},"version":2}},"categories":[9],"tags":[],"class_list":["post-5222","post","type-post","status-publish","format-standard","hentry","category-gedichte-2"],"jetpack_publicize_connections":[],"jetpack_featured_media_url":"","jetpack_shortlink":"https:\/\/wp.me\/s3ZwSb-5222","jetpack_sharing_enabled":true,"jetpack_likes_enabled":true,"_links":{"self":[{"href":"https:\/\/filosofium.evelyne-weissenbach.at\/index.php?rest_route=\/wp\/v2\/posts\/5222","targetHints":{"allow":["GET"]}}],"collection":[{"href":"https:\/\/filosofium.evelyne-weissenbach.at\/index.php?rest_route=\/wp\/v2\/posts"}],"about":[{"href":"https:\/\/filosofium.evelyne-weissenbach.at\/index.php?rest_route=\/wp\/v2\/types\/post"}],"author":[{"embeddable":true,"href":"https:\/\/filosofium.evelyne-weissenbach.at\/index.php?rest_route=\/wp\/v2\/users\/1"}],"replies":[{"embeddable":true,"href":"https:\/\/filosofium.evelyne-weissenbach.at\/index.php?rest_route=%2Fwp%2Fv2%2Fcomments&post=5222"}],"version-history":[{"count":3,"href":"https:\/\/filosofium.evelyne-weissenbach.at\/index.php?rest_route=\/wp\/v2\/posts\/5222\/revisions"}],"predecessor-version":[{"id":5226,"href":"https:\/\/filosofium.evelyne-weissenbach.at\/index.php?rest_route=\/wp\/v2\/posts\/5222\/revisions\/5226"}],"wp:attachment":[{"href":"https:\/\/filosofium.evelyne-weissenbach.at\/index.php?rest_route=%2Fwp%2Fv2%2Fmedia&parent=5222"}],"wp:term":[{"taxonomy":"category","embeddable":true,"href":"https:\/\/filosofium.evelyne-weissenbach.at\/index.php?rest_route=%2Fwp%2Fv2%2Fcategories&post=5222"},{"taxonomy":"post_tag","embeddable":true,"href":"https:\/\/filosofium.evelyne-weissenbach.at\/index.php?rest_route=%2Fwp%2Fv2%2Ftags&post=5222"}],"curies":[{"name":"wp","href":"https:\/\/api.w.org\/{rel}","templated":true}]}}