{"id":5234,"date":"2019-01-27T14:25:15","date_gmt":"2019-01-27T13:25:15","guid":{"rendered":"http:\/\/filosofium.evelyne-weissenbach.at\/?p=5234"},"modified":"2019-01-31T12:12:45","modified_gmt":"2019-01-31T11:12:45","slug":"74-jahre","status":"publish","type":"post","link":"https:\/\/filosofium.evelyne-weissenbach.at\/?p=5234","title":{"rendered":"74 Jahre"},"content":{"rendered":"\n<p><\/p>\n\n\n\nHeute ist internationaler Tag des Gedenkens an die Opfer des Holocaust. An diesem Tag gibt es von mir diesmal kein Gedicht, keinen Aufsatz, und auch kein Foto oder Bild. Obwohl es nat\u00fcrlich in unserem Haushalt sehr viel davon gibt. Immerhin hat mein Mann einen Zyklus <a href=\"http:\/\/heinz-spicka.hs-verlage.at\/shoa-2\/\" title=\"heinz spicka zyklus shoa\" target=\"_blank\" rel=\"noopener\">&#8222;Shoa&#8220;<\/a> gemalt. Und ich habe schon sehr viel dar\u00fcber geschrieben.\n<p>&nbsp;<\/p>\n\n\n\n<p style=\"text-align:left\">Ich habe aber etwas anderes ausgew\u00e4hlt. <br>2011 habe ich mich ausf\u00fchrlich mit dem Umgang des Gedenkens auseinandergesetzt. Unterst\u00fctzung f\u00fcr meine Idee bekam ich bei einem Rundgang durch die Gedenkst\u00e4tte Flossenb\u00fcrg. Ich habe diese in ein Booklet verpackt und glaube, sie unterscheidet sich in vielem von dem, was man sonst zur angeblichen Aufarbeitung vorgesetzt bekommt.<\/p>\n\n\n\n<p><br>Mein Weg ist ein anderer:<br><strong>Nicht Gedenken in Grauen, sondern Gedenken in Liebe.<\/strong><\/p>\n\n\n\n<p>Und es gibt eine Lesung, die ich euch heute gerne zu Gem\u00fcte f\u00fchren m\u00f6chte. Es w\u00e4re sch\u00f6n, wenn ein paar von euch sich ein bisschen Zeit f\u00fcr meine Gedanken nehmen w\u00fcrden.<br>Denn<\/p>\n\n\n\n<i>Gedenken<br>\nist Auftrag.<br><br>\n\nAn uns selbst.<br>\nF\u00fcr uns selbst.<\/i><br>\n<p>&nbsp;<\/p>\n\n\n\n<a href=\"https:\/\/youtu.be\/JQF-Ta_ztUY\" target=\"_blank\" rel=\"noopener\"><img loading=\"lazy\" decoding=\"async\" src=\"http:\/\/filosofium.evelyne-weissenbach.at\/wp-content\/uploads\/2019\/01\/190127a_flo.jpg\" width=\"600\" height=\"337\" alt=\"lesung flossenbuerg\" title=\"lesung flossenbuerg\"><\/a>\n","protected":false},"excerpt":{"rendered":"<p>Heute ist internationaler Tag des Gedenkens an die Opfer des Holocaust. An diesem Tag gibt es von mir diesmal kein Gedicht, keinen Aufsatz, und auch kein Foto oder Bild. Obwohl es nat\u00fcrlich in unserem Haushalt sehr viel davon gibt. Immerhin hat mein Mann einen Zyklus &#8222;Shoa&#8220; gemalt. Und ich habe schon sehr viel dar\u00fcber geschrieben. [&hellip;]<\/p>\n","protected":false},"author":1,"featured_media":0,"comment_status":"open","ping_status":"closed","sticky":false,"template":"","format":"standard","meta":{"jetpack_post_was_ever_published":false,"_jetpack_newsletter_access":"","_jetpack_dont_email_post_to_subs":false,"_jetpack_newsletter_tier_id":0,"_jetpack_memberships_contains_paywalled_content":false,"_jetpack_memberships_contains_paid_content":false,"footnotes":"","jetpack_publicize_message":"","jetpack_publicize_feature_enabled":true,"jetpack_social_post_already_shared":true,"jetpack_social_options":{"image_generator_settings":{"template":"highway","default_image_id":0,"font":"","enabled":false},"version":2}},"categories":[1],"tags":[],"class_list":["post-5234","post","type-post","status-publish","format-standard","hentry","category-allgemein"],"jetpack_publicize_connections":[],"jetpack_featured_media_url":"","jetpack_shortlink":"https:\/\/wp.me\/p3ZwSb-1mq","jetpack_sharing_enabled":true,"jetpack_likes_enabled":true,"_links":{"self":[{"href":"https:\/\/filosofium.evelyne-weissenbach.at\/index.php?rest_route=\/wp\/v2\/posts\/5234","targetHints":{"allow":["GET"]}}],"collection":[{"href":"https:\/\/filosofium.evelyne-weissenbach.at\/index.php?rest_route=\/wp\/v2\/posts"}],"about":[{"href":"https:\/\/filosofium.evelyne-weissenbach.at\/index.php?rest_route=\/wp\/v2\/types\/post"}],"author":[{"embeddable":true,"href":"https:\/\/filosofium.evelyne-weissenbach.at\/index.php?rest_route=\/wp\/v2\/users\/1"}],"replies":[{"embeddable":true,"href":"https:\/\/filosofium.evelyne-weissenbach.at\/index.php?rest_route=%2Fwp%2Fv2%2Fcomments&post=5234"}],"version-history":[{"count":14,"href":"https:\/\/filosofium.evelyne-weissenbach.at\/index.php?rest_route=\/wp\/v2\/posts\/5234\/revisions"}],"predecessor-version":[{"id":5267,"href":"https:\/\/filosofium.evelyne-weissenbach.at\/index.php?rest_route=\/wp\/v2\/posts\/5234\/revisions\/5267"}],"wp:attachment":[{"href":"https:\/\/filosofium.evelyne-weissenbach.at\/index.php?rest_route=%2Fwp%2Fv2%2Fmedia&parent=5234"}],"wp:term":[{"taxonomy":"category","embeddable":true,"href":"https:\/\/filosofium.evelyne-weissenbach.at\/index.php?rest_route=%2Fwp%2Fv2%2Fcategories&post=5234"},{"taxonomy":"post_tag","embeddable":true,"href":"https:\/\/filosofium.evelyne-weissenbach.at\/index.php?rest_route=%2Fwp%2Fv2%2Ftags&post=5234"}],"curies":[{"name":"wp","href":"https:\/\/api.w.org\/{rel}","templated":true}]}}