{"id":5316,"date":"2019-02-10T18:36:17","date_gmt":"2019-02-10T17:36:17","guid":{"rendered":"http:\/\/filosofium.evelyne-weissenbach.at\/?p=5316"},"modified":"2019-02-12T16:55:12","modified_gmt":"2019-02-12T15:55:12","slug":"verstroemt","status":"publish","type":"post","link":"https:\/\/filosofium.evelyne-weissenbach.at\/?p=5316","title":{"rendered":"verstr\u00f6mt"},"content":{"rendered":"\n<p><img decoding=\"async\" src=\"http:\/\/filosofium.evelyne-weissenbach.at\/wp-content\/uploads\/2019\/02\/190210_verstroemt_54w.jpg\" width=\"540\" alt=\"verstroemt\" title=\"verstroemt\"><\/p>\n<p>&nbsp;<\/p>\n\n\n\n<p>in die str\u00f6mung<br>\nlasse ich mich fallen<br>\nund ich flie\u00dfe<br>\nund flie\u00dfe<br><br>\n\nvorbei <br>\nan den hartgepressten <br>\nineinander verwobenen wurzeln<br><br>\n\nvorbei <br>\nan den rutschigen abstiegen<br>\nder machtregulierten ufer<br><br>\n\nvorbei<br>\nan den schwarzen fahnen<br>\ndie im herzloswind flattern<br><br>\n\nund flie\u00dfe<br>\nund flie\u00dfe<br>\nund verstr\u00f6me mich<br><br>\n\ntief in der mitte<br>\nmeines mit w\u00e4rme umsp\u00fclten<br>\nlebenssinns<br><br><\/p>\n\n\n\n<p>&nbsp;<\/p>\n\u00a9 <span style=\"font-size:12px\">evelyne w. <\/span>\n<p>&nbsp;<\/p>\n","protected":false},"excerpt":{"rendered":"<p>&nbsp; in die str\u00f6mung lasse ich mich fallen und ich flie\u00dfe und flie\u00dfe vorbei an den hartgepressten ineinander verwobenen wurzeln vorbei an den rutschigen abstiegen der machtregulierten ufer vorbei an den schwarzen fahnen die im herzloswind flattern und flie\u00dfe und flie\u00dfe und verstr\u00f6me mich tief in der mitte meines mit w\u00e4rme umsp\u00fclten lebenssinns &nbsp; \u00a9 [&hellip;]<\/p>\n","protected":false},"author":1,"featured_media":0,"comment_status":"open","ping_status":"closed","sticky":false,"template":"","format":"standard","meta":{"jetpack_post_was_ever_published":false,"_jetpack_newsletter_access":"","_jetpack_dont_email_post_to_subs":false,"_jetpack_newsletter_tier_id":0,"_jetpack_memberships_contains_paywalled_content":false,"_jetpack_memberships_contains_paid_content":false,"footnotes":"","jetpack_publicize_message":"","jetpack_publicize_feature_enabled":true,"jetpack_social_post_already_shared":true,"jetpack_social_options":{"image_generator_settings":{"template":"highway","default_image_id":0,"font":"","enabled":false},"version":2}},"categories":[579,9],"tags":[949,944,948,947,945,946],"class_list":["post-5316","post","type-post","status-publish","format-standard","hentry","category-lebensgedichte","category-gedichte-2","tag-flussufer","tag-lenemssinn","tag-stroemung","tag-ufer","tag-verwurzelt","tag-wurzeln"],"jetpack_publicize_connections":[],"jetpack_featured_media_url":"","jetpack_shortlink":"https:\/\/wp.me\/p3ZwSb-1nK","jetpack_sharing_enabled":true,"jetpack_likes_enabled":true,"_links":{"self":[{"href":"https:\/\/filosofium.evelyne-weissenbach.at\/index.php?rest_route=\/wp\/v2\/posts\/5316","targetHints":{"allow":["GET"]}}],"collection":[{"href":"https:\/\/filosofium.evelyne-weissenbach.at\/index.php?rest_route=\/wp\/v2\/posts"}],"about":[{"href":"https:\/\/filosofium.evelyne-weissenbach.at\/index.php?rest_route=\/wp\/v2\/types\/post"}],"author":[{"embeddable":true,"href":"https:\/\/filosofium.evelyne-weissenbach.at\/index.php?rest_route=\/wp\/v2\/users\/1"}],"replies":[{"embeddable":true,"href":"https:\/\/filosofium.evelyne-weissenbach.at\/index.php?rest_route=%2Fwp%2Fv2%2Fcomments&post=5316"}],"version-history":[{"count":5,"href":"https:\/\/filosofium.evelyne-weissenbach.at\/index.php?rest_route=\/wp\/v2\/posts\/5316\/revisions"}],"predecessor-version":[{"id":5322,"href":"https:\/\/filosofium.evelyne-weissenbach.at\/index.php?rest_route=\/wp\/v2\/posts\/5316\/revisions\/5322"}],"wp:attachment":[{"href":"https:\/\/filosofium.evelyne-weissenbach.at\/index.php?rest_route=%2Fwp%2Fv2%2Fmedia&parent=5316"}],"wp:term":[{"taxonomy":"category","embeddable":true,"href":"https:\/\/filosofium.evelyne-weissenbach.at\/index.php?rest_route=%2Fwp%2Fv2%2Fcategories&post=5316"},{"taxonomy":"post_tag","embeddable":true,"href":"https:\/\/filosofium.evelyne-weissenbach.at\/index.php?rest_route=%2Fwp%2Fv2%2Ftags&post=5316"}],"curies":[{"name":"wp","href":"https:\/\/api.w.org\/{rel}","templated":true}]}}