{"id":5393,"date":"2019-03-01T22:55:48","date_gmt":"2019-03-01T21:55:48","guid":{"rendered":"http:\/\/filosofium.evelyne-weissenbach.at\/?p=5393"},"modified":"2019-03-01T22:56:57","modified_gmt":"2019-03-01T21:56:57","slug":"5393","status":"publish","type":"post","link":"https:\/\/filosofium.evelyne-weissenbach.at\/?p=5393","title":{"rendered":"gedankenlos."},"content":{"rendered":"\n<div class=\"alignright\"> <a href=\"http:\/\/www.walter-zeis.de\" target=\"_blank\" rel=\"noopener noreferrer\"><img decoding=\"async\" src=\"http:\/\/filosofium.evelyne-weissenbach.at\/wp-content\/uploads\/2019\/03\/gedankenlo1s.jpg\" height=\"\" width=\"300\" alt=\"gedankenlos\" title=\"gedankenlos\"><\/a><br><\/div>\n\n\n\n\n<p>in die r\u00f6te<br>\nlehne ich mich<br><br>\n\nst\u00fctze meine gedanken<br>\nmit den fingern<br>\neiner hand<br><br>\n\nw\u00e4hrend die andere<br>\nam rocksaum nestelt<br><br>\n\num dich <br>\nan mein knie<br>\nzu locken<br><br>\n\ngedankenlos.<br><br><\/p>\n\n\n\n\n\n\n<p>&nbsp;<\/p>\n\u00a9 <span style=\"font-size:12px\">evelyne w. <\/span>\n<p>&nbsp;<\/p>\n<p style=\"clear:left;\">&nbsp;<\/p>\n\n\n\n\n\n<div style=\"text-align: center\"><span style=\"font-size:10px\">Ich bedanke mich f\u00fcr die Inspiration durch dieses Foto von <a href=\"http:\/\/www.walter-zeis.de\" target=\"_blank\" rel=\"noopener noreferrer\">Walter Zeis<\/a><\/span><\/div>\n\n\n\n<p>&nbsp;<\/p>\n","protected":false},"excerpt":{"rendered":"<p>in die r\u00f6te lehne ich mich st\u00fctze meine gedanken mit den fingern einer hand w\u00e4hrend die andere am rocksaum nestelt um dich an mein knie zu locken gedankenlos. &nbsp; \u00a9 evelyne w. &nbsp; &nbsp; Ich bedanke mich f\u00fcr die Inspiration durch dieses Foto von Walter Zeis &nbsp;<\/p>\n","protected":false},"author":1,"featured_media":0,"comment_status":"open","ping_status":"closed","sticky":false,"template":"","format":"standard","meta":{"jetpack_post_was_ever_published":false,"_jetpack_newsletter_access":"","_jetpack_dont_email_post_to_subs":false,"_jetpack_newsletter_tier_id":0,"_jetpack_memberships_contains_paywalled_content":false,"_jetpack_memberships_contains_paid_content":false,"footnotes":"","jetpack_publicize_message":"","jetpack_publicize_feature_enabled":true,"jetpack_social_post_already_shared":true,"jetpack_social_options":{"image_generator_settings":{"template":"highway","default_image_id":0,"font":"","enabled":false},"version":2}},"categories":[245,15,9],"tags":[980,982,981],"class_list":["post-5393","post","type-post","status-publish","format-standard","hentry","category-erotik-gedichte","category-liebesgedichte-gedichte","category-gedichte-2","tag-gedankenspiel","tag-rotlicht","tag-verlockung"],"jetpack_publicize_connections":[],"jetpack_featured_media_url":"","jetpack_shortlink":"https:\/\/wp.me\/s3ZwSb-5393","jetpack_sharing_enabled":true,"jetpack_likes_enabled":true,"_links":{"self":[{"href":"https:\/\/filosofium.evelyne-weissenbach.at\/index.php?rest_route=\/wp\/v2\/posts\/5393","targetHints":{"allow":["GET"]}}],"collection":[{"href":"https:\/\/filosofium.evelyne-weissenbach.at\/index.php?rest_route=\/wp\/v2\/posts"}],"about":[{"href":"https:\/\/filosofium.evelyne-weissenbach.at\/index.php?rest_route=\/wp\/v2\/types\/post"}],"author":[{"embeddable":true,"href":"https:\/\/filosofium.evelyne-weissenbach.at\/index.php?rest_route=\/wp\/v2\/users\/1"}],"replies":[{"embeddable":true,"href":"https:\/\/filosofium.evelyne-weissenbach.at\/index.php?rest_route=%2Fwp%2Fv2%2Fcomments&post=5393"}],"version-history":[{"count":34,"href":"https:\/\/filosofium.evelyne-weissenbach.at\/index.php?rest_route=\/wp\/v2\/posts\/5393\/revisions"}],"predecessor-version":[{"id":5428,"href":"https:\/\/filosofium.evelyne-weissenbach.at\/index.php?rest_route=\/wp\/v2\/posts\/5393\/revisions\/5428"}],"wp:attachment":[{"href":"https:\/\/filosofium.evelyne-weissenbach.at\/index.php?rest_route=%2Fwp%2Fv2%2Fmedia&parent=5393"}],"wp:term":[{"taxonomy":"category","embeddable":true,"href":"https:\/\/filosofium.evelyne-weissenbach.at\/index.php?rest_route=%2Fwp%2Fv2%2Fcategories&post=5393"},{"taxonomy":"post_tag","embeddable":true,"href":"https:\/\/filosofium.evelyne-weissenbach.at\/index.php?rest_route=%2Fwp%2Fv2%2Ftags&post=5393"}],"curies":[{"name":"wp","href":"https:\/\/api.w.org\/{rel}","templated":true}]}}