{"id":5436,"date":"2019-03-04T12:39:37","date_gmt":"2019-03-04T11:39:37","guid":{"rendered":"http:\/\/filosofium.evelyne-weissenbach.at\/?p=5436"},"modified":"2019-03-04T12:40:26","modified_gmt":"2019-03-04T11:40:26","slug":"fuer-leben-oder-tod","status":"publish","type":"post","link":"https:\/\/filosofium.evelyne-weissenbach.at\/?p=5436","title":{"rendered":"F\u00fcr Leben oder Tod?"},"content":{"rendered":"\n<p>Also ehrlich, mir geht diese ewige Nazikeule echt auf den Socken. Ich hab Verst\u00e4ndnis daf\u00fcr, wenn viele Leute sagen, was geht das mich an, das ist so lang her und bei den meisten war es sogar vor ihrer Geburt. Es ist auch wirklich unerheblich, finde ich. Denn &#8211; das IST VERGANGENHEIT!<br><br>\n<b>Es geht um unsere GEGENWART, um die ZUKUNFT unserer Kinder.<\/b><br><br>\n\nEs ist wichtig, dass man den Lauf der Geschichte kennt, ein entsprechender Geschichtsunterricht ist h\u00f6chst angebracht. Denn selbstverst\u00e4ndlich kann man aus Erfahrung lernen. <br><br>\n\nAber diese ewige Schwingerei ist einfach kontraproduktiv. Weil so viele Leute sich nicht in dieser Rolle sehen <i><b>wollen<\/b><\/i> und einfach dr\u00fcberlesen, wenn schon wieder in diese Kerbe geschlagen wird. <br><br>\n\nViel wesentlicher w\u00e4re es, die Menschen zu fragen, was f\u00fcr sie ihr Menschsein ausmacht? Wof\u00fcr sie sich in ihrem Leben entscheiden: f\u00fcr Liebe oder Hass, f\u00fcr Miteinander oder Gegeneinander, f\u00fcr Humanit\u00e4t oder Verrohung, f\u00fcr Unterst\u00fctzung oder Ausbeutung, f\u00fcr Unterdr\u00fcckung oder Freiheit, f\u00fcr Hilfe oder Neid und Gier, f\u00fcr Mut oder Feigheit. <br><br>\n\nUnd die zentrale Frage an den Menschen muss lauten: <br><b>Wof\u00fcr bin ich? Wof\u00fcr bist du? F\u00fcr Leben oder Tod?<\/b><br><br>\n\nAll diese Menschen, die in dieser Zeit so gegen Andere arbeiten, w\u00fcrden die meisten der Fragen mit dem positiven beantworten! Allerdings mit dem kleinen Zusatz ABER. Doch dort w\u00fcrde es unweigerlich in das n\u00e4chste Gegensatzpaar f\u00fchren, und irgendwann g\u00e4be es keine Ausrede mehr.<br><br>\n\nUnd vielleicht w\u00fcrde dann so Mancher erkennen, wie er sich selber in die Tasche l\u00fcgt, wie er selber glaubt, dass er eh nur das Beste will und dabei vollkommen kontr\u00e4r zu seinen Vorstellungen und W\u00fcnschen denkt und agiert.<br><br>\n\nAber mit dem ewigen Vorhalten der Taten der Vergangenheit, wird er sich immer aus der Zuweisung einer Gesamtschuld herauswinden wollen. Zu Recht! <b>Es gibt keine kollektive Schuld!<\/b> <br><br>\n\nJeder tr\u00e4gt die Verantwortung f\u00fcr sich selbst und deshalb w\u00e4re es gut, wenn er sich die Fragen nach seiner Menschlichkeit beantworten w\u00fcrde, bevor er sich ebenfalls kollektiven Schuldzuweisungen anschlie\u00dft. <br><br>Aus diesem Grund w\u00e4re es viel zielf\u00fchrender, sich und anderen immer wieder diese Fragen zu stellen, anstatt Antworten aus der Vergangenheit auf die Gegenwart projizieren zu wollen. \nDadurch wird lediglich die pers\u00f6nliche Identifikation untergraben, weil es zur Hauptauseinandersetzung wird, die Anschuldigungen abzuwehren. <br>Auf diese Weise wird dem Populismus T\u00fcr und Tor ge\u00f6ffnet.<\/p>\n<p>&nbsp;<\/p>\n<p>&nbsp;<\/p>\n\n\n<p>PS: Mein Blog hei\u00dft ja <i>filosofium &#8211; oder die Wichtigkeit des Seins<\/i>. Und deshalb gibt es hier nicht nur Lyrik \u2026\n<\/p>\n<p>&nbsp;<\/p>\n","protected":false},"excerpt":{"rendered":"<p>Also ehrlich, mir geht diese ewige Nazikeule echt auf den Socken. Ich hab Verst\u00e4ndnis daf\u00fcr, wenn viele Leute sagen, was geht das mich an, das ist so lang her und bei den meisten war es sogar vor ihrer Geburt. Es ist auch wirklich unerheblich, finde ich. Denn &#8211; das IST VERGANGENHEIT! Es geht um unsere [&hellip;]<\/p>\n","protected":false},"author":1,"featured_media":0,"comment_status":"open","ping_status":"closed","sticky":false,"template":"","format":"standard","meta":{"jetpack_post_was_ever_published":false,"_jetpack_newsletter_access":"","_jetpack_dont_email_post_to_subs":false,"_jetpack_newsletter_tier_id":0,"_jetpack_memberships_contains_paywalled_content":false,"_jetpack_memberships_contains_paid_content":false,"footnotes":"","jetpack_publicize_message":"","jetpack_publicize_feature_enabled":true,"jetpack_social_post_already_shared":true,"jetpack_social_options":{"image_generator_settings":{"template":"highway","default_image_id":0,"font":"","enabled":false},"version":2}},"categories":[7,231,233],"tags":[850,793,914],"class_list":["post-5436","post","type-post","status-publish","format-standard","hentry","category-die-wichtigkeit-des-seins","category-humanitares","category-kolumne-2","tag-humanitaet","tag-menschlichkeit","tag-menschsein"],"jetpack_publicize_connections":[],"jetpack_featured_media_url":"","jetpack_shortlink":"https:\/\/wp.me\/p3ZwSb-1pG","jetpack_sharing_enabled":true,"jetpack_likes_enabled":true,"_links":{"self":[{"href":"https:\/\/filosofium.evelyne-weissenbach.at\/index.php?rest_route=\/wp\/v2\/posts\/5436","targetHints":{"allow":["GET"]}}],"collection":[{"href":"https:\/\/filosofium.evelyne-weissenbach.at\/index.php?rest_route=\/wp\/v2\/posts"}],"about":[{"href":"https:\/\/filosofium.evelyne-weissenbach.at\/index.php?rest_route=\/wp\/v2\/types\/post"}],"author":[{"embeddable":true,"href":"https:\/\/filosofium.evelyne-weissenbach.at\/index.php?rest_route=\/wp\/v2\/users\/1"}],"replies":[{"embeddable":true,"href":"https:\/\/filosofium.evelyne-weissenbach.at\/index.php?rest_route=%2Fwp%2Fv2%2Fcomments&post=5436"}],"version-history":[{"count":11,"href":"https:\/\/filosofium.evelyne-weissenbach.at\/index.php?rest_route=\/wp\/v2\/posts\/5436\/revisions"}],"predecessor-version":[{"id":5448,"href":"https:\/\/filosofium.evelyne-weissenbach.at\/index.php?rest_route=\/wp\/v2\/posts\/5436\/revisions\/5448"}],"wp:attachment":[{"href":"https:\/\/filosofium.evelyne-weissenbach.at\/index.php?rest_route=%2Fwp%2Fv2%2Fmedia&parent=5436"}],"wp:term":[{"taxonomy":"category","embeddable":true,"href":"https:\/\/filosofium.evelyne-weissenbach.at\/index.php?rest_route=%2Fwp%2Fv2%2Fcategories&post=5436"},{"taxonomy":"post_tag","embeddable":true,"href":"https:\/\/filosofium.evelyne-weissenbach.at\/index.php?rest_route=%2Fwp%2Fv2%2Ftags&post=5436"}],"curies":[{"name":"wp","href":"https:\/\/api.w.org\/{rel}","templated":true}]}}