{"id":5485,"date":"2019-03-17T16:14:07","date_gmt":"2019-03-17T15:14:07","guid":{"rendered":"http:\/\/filosofium.evelyne-weissenbach.at\/?p=5485"},"modified":"2019-03-17T16:14:08","modified_gmt":"2019-03-17T15:14:08","slug":"kinder-an-die-macht","status":"publish","type":"post","link":"https:\/\/filosofium.evelyne-weissenbach.at\/?p=5485","title":{"rendered":"Kinder an die Macht"},"content":{"rendered":"\n<p>Es ist wie immer.<br>Anstatt sich daf\u00fcr zu interessieren, was denn mit den <strong>fridays for future<\/strong> bezweckt werden soll, wird das Augenmerk darauf gelegt, wer von wem &#8222;instrumentiert&#8220; ist, was Greta Thurnberg isst, wie sie reist, oder was die Kinder und Jugendlichen denn davon verstehen und selber umsetzen.<br><br><\/p>\n\n\n\n<p>&nbsp;<\/p><div style=\"text-align: center\"><img loading=\"lazy\" decoding=\"async\" src=\"http:\/\/filosofium.evelyne-weissenbach.at\/wp-content\/uploads\/2019\/03\/190317_future.jpg\" height=\"400\" width=\"535\" alt=\"fridays for future\" title=\"fridays for future\"><\/div>\n\n\n\n<p>&nbsp;<\/p><p>&nbsp;<\/p>\n<p>Eines ist klar: <br><\/p>\n\n\n\n<p><\/p>\n\n\n\n<p>DASS da viele jetzt auf den Zug aufspringen. Aber vor allem die ewigen Kritikaster und Sich-in-den-Vordergrund-Dr\u00e4nger, die als Einzige den total Durchblick haben.<br><\/p>\n\n\n\n<p>Ich verstehe nicht, warum man nicht einfach akzeptieren kann, dass sich Kinder und Jugendliche f\u00fcr ihre Zukunft einsetzen. Egal, ob sie genau verstehen, was jetzt l\u00e4uft oder nicht. <br><br>\nDass es mit unserem Umweltverhalten so nicht weitergehen kann, sollte uns allen klar sein! Das ist ihre Botschaft. Wieso m\u00fcssten sie jetzt Wissenschafter sein, um dies bis ins Detail belegen zu k\u00f6nnen? Wieso m\u00fcssten sie jetzt die von ihren Altvorderen anerzogenen Muster mit einem einzigen Schnitt, samit ihren Handys abwerfen? <br><br>\nDie haben das alles nicht erfunden. Sie wurden in ein Konsummodell hineinkonditioniert, das ihnen mit Sicherheit in allen Einzelheiten nicht klar sein KANN.<br><br><\/p>\n\n\n\n<p>Einerseits wird den Jugendlichen vorgeworfen,\ndass sie sich um nichts k\u00fcmmern, andererseits, wenn sie es tun, dass sie das falsche tun. N\u00e4mlich nicht das, was die Erwachsenen von ihnen wollen. Und dann gelten sie als instrumentiert. Dabei sind es die Erwachsenen, die instrumentiert sind! <br>\nWas sich am besten daran zeigt, dass sie sich nicht damit besch\u00e4ftigen, was die Jungen aufzeigen, sondern damit, wie sie ihre Aktion nieder machen k\u00f6nnen, um sich selbst zu \u00fcberh\u00f6hen.<br><\/p>\n\n\n\n<p>Ich finde es wesentlich fataler, dass die ganzen Verp\u00f6belungsdummies sich daf\u00fcr instrumentieren lassen, um unreflektiert hinter ihren rechten Vorbildern nachzurennen. Als wenn nun die n\u00e4chste Generation sich daf\u00fcr instrumentieren l\u00e4sst, die Verantwortlichen dazu aufzufordern, sich um die Thematik des Klimawandels zu k\u00fcmmern, der ihre Zukunft weitgehendst gef\u00e4hrdet. Und der von diesen herbeigef\u00fchrt wurde, nicht zu vergessen!<br><br><\/p>\n\n\n\n<p>SIE sollten jetzt L\u00f6sungen anbieten? SIE sollten jetzt den totalen Durchblick haben? Wieso? Es reicht, mit offenen Augen in die Welt zu sehen, um zu erkennen, was l\u00e4uft. Auch f\u00fcr Kinder.<br><br><\/p>\n\n\n\n<p>Manche Zusammenh\u00e4nge k\u00f6nnen sie halt noch nicht herstellen. Wie sollten sie auch, bei diesen Erwachsenenvorbildern? Aber dass sie eine lebbare Zukunft wollen, das k\u00f6nnen sie sehr wohl wissen.<br><\/p>\n\n\n\n<p>Und warum sollten sie nun einfach still in ihren Schulen sitzen, weiteren Konsumbl\u00f6dsinn lernen, und stumm zusehen, wie ihnen die Erwachsenen die Welt ruinieren?<br><\/p>\n\n\n\n<p>Warum sollen sie nun ihren Protest wohlgeordnet und im stillen K\u00e4mmerlein praktizieren? Damit man sie nicht sieht und h\u00f6rt. <br><br><\/p>\n\n\n\n<p>Nein, genau  so geh\u00f6rts. Dort wo&#8217;s wehtut, ohne jemandem anderen wehzutun. Am \u00e4u\u00dferen Erscheinungsbild kratzen, dass angeblich eh alles in Ordnung ist \u2026<br><br><\/p>\n\n\n\n<p>Aber es ist wie immer. Anstatt das Augenmerk darauf zu legen, was Sache ist und die Jugend zu unterst\u00fctzen, ihre Meinungen und Ideen umzusetzen, oder zumindest diskutieren zu k\u00f6nnen, werden sie behandelt, als w\u00e4ren SIE diejenigen, die die Welt in diesen Zustand gebracht haben und noch bringen. Dabei w\u00e4re der einzige richtige Weg, MIT ihnen daran zu arbeiten, ihre Zukunft zu sichern. <br>Es jetzt endlich zu beginnen. Dann k\u00f6nnten sie auch von uns wieder lernen.<br><br><\/p>\n\n\n\n<p><\/p>\n\n\n\n<p><\/p>\n\n\n\n<p><\/p>\n\n\n\n<p>Ich bin ein sehr interessierter Mensch, aber ehrlich, ICH durchblicke die Klimapolitik auch nicht. Aber was interessieren mich die vermeintlichen Hintergr\u00fcnde? Der sichtbare Vordergrund ist brisant genug. <br>\nDAMIT sollte man sich besch\u00e4ftigen.<br>\nDass es Trittbrettfahrer gibt, ist klar. Die Erwachsenen sind sooo gescheit, aber manipulierbar bis ins Klopapier. Aber von den jungen Leuten verlangen sie Differenziertheit.<br><br>\nEs braucht keine Differenziertheit!<br>\nEs braucht die klare Aussage unserer Jugend: <strong>Wir wollen eine \u00c4nderung, um unsere Zukunft noch erleben und dann auch selbst gestalten zu k\u00f6nnen!<\/strong><br><br><\/p>\n\n\n\n<p>Danke an diese Jugend! Sie gibt Hoffnung. Nicht diese ganzen Gipfeltager, die Millionen daf\u00fcr ausgeben, um an ihren fruchtlosen Gipfeln teilnehmen zu k\u00f6nnen, sich dort nur an Banketts vollfressen und niedersaufen, w\u00e4hrend sie anderen das Wasser abgraben und sie in den sicheren Tod schicken.<\/p>\n<p>&nbsp;<\/p>\n<p>&nbsp;<\/p>\n","protected":false},"excerpt":{"rendered":"<p>Aber es ist wie immer. Anstatt das Augenmerk darauf zu legen, was Sache ist und die Jugend zu unterst\u00fctzen, ihre Meinungen und Ideen umzusetzen, oder zumindest diskutieren zu k\u00f6nnen, werden sie behandelt, als w\u00e4ren SIE diejenigen, die die Welt in diesen Zustand gebracht haben und noch bringen. <\/p>\n","protected":false},"author":1,"featured_media":0,"comment_status":"open","ping_status":"closed","sticky":false,"template":"","format":"standard","meta":{"jetpack_post_was_ever_published":false,"_jetpack_newsletter_access":"","_jetpack_dont_email_post_to_subs":false,"_jetpack_newsletter_tier_id":0,"_jetpack_memberships_contains_paywalled_content":false,"_jetpack_memberships_contains_paid_content":false,"footnotes":"","jetpack_publicize_message":"","jetpack_publicize_feature_enabled":true,"jetpack_social_post_already_shared":true,"jetpack_social_options":{"image_generator_settings":{"template":"highway","default_image_id":0,"font":"","enabled":false},"version":2}},"categories":[7,231,233],"tags":[992,990,991],"class_list":["post-5485","post","type-post","status-publish","format-standard","hentry","category-die-wichtigkeit-des-seins","category-humanitares","category-kolumne-2","tag-fridays-for-future","tag-klimaschutz","tag-schuelerdemo"],"jetpack_publicize_connections":[],"jetpack_featured_media_url":"","jetpack_shortlink":"https:\/\/wp.me\/p3ZwSb-1qt","jetpack_sharing_enabled":true,"jetpack_likes_enabled":true,"_links":{"self":[{"href":"https:\/\/filosofium.evelyne-weissenbach.at\/index.php?rest_route=\/wp\/v2\/posts\/5485","targetHints":{"allow":["GET"]}}],"collection":[{"href":"https:\/\/filosofium.evelyne-weissenbach.at\/index.php?rest_route=\/wp\/v2\/posts"}],"about":[{"href":"https:\/\/filosofium.evelyne-weissenbach.at\/index.php?rest_route=\/wp\/v2\/types\/post"}],"author":[{"embeddable":true,"href":"https:\/\/filosofium.evelyne-weissenbach.at\/index.php?rest_route=\/wp\/v2\/users\/1"}],"replies":[{"embeddable":true,"href":"https:\/\/filosofium.evelyne-weissenbach.at\/index.php?rest_route=%2Fwp%2Fv2%2Fcomments&post=5485"}],"version-history":[{"count":25,"href":"https:\/\/filosofium.evelyne-weissenbach.at\/index.php?rest_route=\/wp\/v2\/posts\/5485\/revisions"}],"predecessor-version":[{"id":5516,"href":"https:\/\/filosofium.evelyne-weissenbach.at\/index.php?rest_route=\/wp\/v2\/posts\/5485\/revisions\/5516"}],"wp:attachment":[{"href":"https:\/\/filosofium.evelyne-weissenbach.at\/index.php?rest_route=%2Fwp%2Fv2%2Fmedia&parent=5485"}],"wp:term":[{"taxonomy":"category","embeddable":true,"href":"https:\/\/filosofium.evelyne-weissenbach.at\/index.php?rest_route=%2Fwp%2Fv2%2Fcategories&post=5485"},{"taxonomy":"post_tag","embeddable":true,"href":"https:\/\/filosofium.evelyne-weissenbach.at\/index.php?rest_route=%2Fwp%2Fv2%2Ftags&post=5485"}],"curies":[{"name":"wp","href":"https:\/\/api.w.org\/{rel}","templated":true}]}}