{"id":5563,"date":"2019-04-06T22:26:37","date_gmt":"2019-04-06T20:26:37","guid":{"rendered":"http:\/\/filosofium.evelyne-weissenbach.at\/?p=5563"},"modified":"2019-06-03T17:59:41","modified_gmt":"2019-06-03T15:59:41","slug":"die-jungen-die-alten-und-die-dazwischen","status":"publish","type":"post","link":"https:\/\/filosofium.evelyne-weissenbach.at\/?p=5563","title":{"rendered":"Die Jungen, die Alten und die dazwischen"},"content":{"rendered":"\n<p>Dass in unserer Welt\nnicht alles so l\u00e4uft, wie es laufen sollte, ist wohl allgemein bekannt.<\/p>\n\n\n\n<p>Doch es sind \u00e4u\u00dferst gef\u00e4hrliche Ph\u00e4nomene, die von vielen Leuten aufgrund ihrer Wohlstandssucht noch immer nicht wahrgenommen werden:<\/p>\n\n\n\n<p>Die Welt wird\nausgebeutet, die Menschen werden ausgebeutet und beides scheint nur mehr Beute\nf\u00fcr einige Jahre zu ergeben. Dann wird etliches ersch\u00f6pft sein, anderes unwiederbringlich\nvernichtet, und werden die Reste der Menschheit deshalb zerst\u00f6rerischen\nKrankheiten, der bitteren Armut und totaler Unterdr\u00fcckung ausgesetzt sein.<\/p>\n\n\n\n&nbsp;\n\n\n\n<p><strong>Wen interessierts? Man hat das Gef\u00fchl: Niemanden!<\/strong><\/p>\n\n\n\n<p>Es wird weiter Raubbau\nbetrieben, der Tanz um das goldene Kalb der Wirtschaft befeuert, und die Rufer\nin der W\u00fcste in dieselbe geschickt.<\/p>\n\n\n\n&nbsp;\n\n\n\n<p><strong>Und doch! Es gibt Gruppen, die es interessiert! Die aufstehen und sagen: So nicht! <\/strong><\/p>\n\n\n\n<p><strong>Es sind die Jungen und die Alten. <\/strong><\/p>\n\n\n\n<p>Ist euch das schon einmal aufgefallen?<\/p>\n\n\n\n<p>&nbsp;<\/p>\n<div style=\"text-align: center\"><img loading=\"lazy\" decoding=\"async\" src=\"http:\/\/filosofium.evelyne-weissenbach.at\/wp-content\/uploads\/2019\/04\/5w_c-suthorn.jpg\" width=\"535\" height=\"400\" title=\"fridays for future\" alt=\"fridays for future\"><\/div>\n<p>&nbsp;<\/p>\n\n\n\n<p>Kinder und Jugendliche\ngehen auf die Stra\u00dfe und demonstrieren f\u00fcr Einhalt in der Verwrackung unserer\nErde. Sie wurden von anderen Kindern und Jugendlichen darauf aufmerksam\ngemacht, dass ihre Zukunft in Gefahr ist. Und da Kinder bekanntlich oft in\nihrer Logik und geradlinigen Denkungsweise untersch\u00e4tzt werden, waren und sind\ndie Erwachsenen davon \u00fcberrascht. <\/p>\n\n\n\n<p>Nein, noch vielmehr,\nsie gehen gegen diese Kinder vor. Unsere aufgehetzte, vom Konsum gesteuerte\nGesellschaft macht sie zu hassenswerten Gestalten, die aufs Grausigste\nabgewertet und zutiefst in ihren Pers\u00f6nlichkeiten angegriffen angreifen.<\/p>\n\n\n\n<p>Dabei fordern sie nur,\ndass das umgesetzt wird, was die Erwachsenen ja eigentlich fordern. <\/p>\n\n\n\n<p>Doch bei denen scheint\nnur der Gipfeltourismus zu bl\u00fchen. Die PolitikerInnen und KapazunderInnen\nreisen von einem Gipfel zum anderen. Verblasen dabei nicht nur hei\u00dfe Luft,\nsondern verbrauchen dabei Unmengen an Kraftstoffen und m\u00fcssen sich bei dieser\nverantwortungsvollen T\u00e4tigkeit nat\u00fcrlich an erstklassigen Banketten laben. Mit\nwieder von irgendwoher eingeflogenen Lebensmitteln und teuer importierten W\u00e4ssern.<\/p>\n\n\n\n<p>Ergebnisse?<\/p>\n\n\n\n<p>ja nat\u00fcrlich. Von\nnahezu 200 Staaten, die ein Klimaschutzabkommen unterzeichnet haben, setzen\nnicht einmal 10 % es auch wirklich um.<\/p>\n\n\n\n<p>Weiter reisen und diskutieren ist angesagt. Ansonsten passiert&nbsp; &#8211; NIX!<\/p>\n\n\n\n<p>&nbsp;<\/p>\n<div style=\"text-align: center\"><img decoding=\"async\" src=\"http:\/\/filosofium.evelyne-weissenbach.at\/wp-content\/uploads\/2019\/04\/5w_jean-frederic1.jpg\" width=\"535&quot;\" height=\"400\" title=\"fridays for future\" alt=\"fridays for future\"><\/div>\n<p>&nbsp;<\/p>\n\n\n\n<p>Und nun stehen da Kinder, die keineswegs zu irgendetwas B\u00f6sem auffordern, sondern nur dazu, dass all die Lippenbekenntnisse f\u00fcr reinere Luft und sauberes Wasser, f\u00fcr verantwortungsvollen Umgang mit Ressourcen usw. endlich eingehalten (!) werden. Dass endlich DARAN und DAF\u00dcR gearbeitet wird. Wissenschaftliche Grundlagen wurden ja schon l\u00e4ngst erarbeitet und so gut wie niemand, der sich einigerma\u00dfen zivilisiert nennt, wird die Notwendigkeit in Abrede stellen.&nbsp; <\/p>\n\n\n\n<p>Und die Kinder? Werden\ndeshalb angegriffen! <\/p>\n\n\n\n<p>Sie werden als\nblau\u00e4ugige unterbelichtete N\u00e4rrchen hingestellt, die keine Ahnung von \u2026 ja\ngenau, von WIRTSCHAFT haben, die nicht wissen, dass es Arbeitspl\u00e4tze braucht,\ndamit ihre Eltern ihnen Handys und sonstiges Hightech-Glumpert kaufen k\u00f6nnen.<\/p>\n\n\n\n<p>Die daf\u00fcr angegriffen\nwerden, dass sie es verwenden! Dass sie Burgers essen oder aus Plastikflaschen trinken.<\/p>\n\n\n\n<p>Es ist zu obskur. <\/p>\n\n\n\n&nbsp;\n\n\n\n<p>Diese Kinder und\nJugendlichen haben dies alles nicht geschaffen! Sollten nur das, was ihnen\numgeh\u00e4ngt wurde, nun nicht ben\u00fctzen. Sollten L\u00f6sungen aus dem \u00c4rmel sch\u00fctteln. <\/p>\n\n\n\n<p>Doch sie sensibiliseren einander nun daf\u00fcr, nach L\u00f6sungen zu suchen, wie sie aus den vorgefertigten und zerst\u00f6rerischen Prozessen, die ihre Eltern angeleiert haben, aussteigen k\u00f6nnen. Und fordern &#8222;nur&#8220; von den Altvorderen, sich ihren Anliegen anzuschlie\u00dfen und entsprechende Weichen zu stellen, dass ihre Zukunft auch eine Zukunft hat.<\/p>\n\n\n\n<p>&nbsp;<\/p>\n<div style=\"text-align: center\"><img decoding=\"async\" src=\"http:\/\/filosofium.evelyne-weissenbach.at\/wp-content\/uploads\/2019\/04\/5w_lenz.jpg\" width=\"535&quot;\" height=\"400\" title=\"march for future\" alt=\"march for future\"><\/div>\n<p>&nbsp;<\/p>\n<p>&nbsp;<\/p>\n\n\n\n<p>\n\nUnd dann am anderen Ende: <br><strong>Die Omas gegen rechts<\/strong>! Flankiert von vielen Opas.\n\n<\/p>\n\n\n\n<p>&nbsp;<\/p>\n<div style=\"text-align: center\"><img decoding=\"async\" src=\"http:\/\/filosofium.evelyne-weissenbach.at\/wp-content\/uploads\/2019\/04\/5w_ogr.jpg\" width=\"535&quot;\" height=\"400\" title=\"omas gegen rechts\" alt=\"omas gegen rechts\"><\/div>\n<p>&nbsp;<\/p>\n\n\n\n<p><\/p>\n\n\n\n<p><\/p>\n\n\n\n<p>Die wissen ganz genau,\nwas es hei\u00dft, wenn der Rechtsradikalismus um sich greift. Wenn Hass ges\u00e4t und\ndie Gesellschaft auseinandergetrieben wird. Sie haben das schon einmal erlebt.<\/p>\n\n\n\n<p>Die wissen dar\u00fcber hinaus aber auch, was es hei\u00dft, aus dem Nichts etwas aufzubauen. Das haben sie nach dem Krieg n\u00e4mlich gemacht. Die hart f\u00fcr eine Wohlstandsgesellschaft gearbeitet haben. <\/p>\n\n\n\n<p>Wie es aber nun aussieht, anscheinend daf\u00fcr, dass ihre Nachkommen das alles wieder zerst\u00f6ren. Und zwar nachhaltiger als es der Krieg konnte.<\/p>\n\n\n\n<p>Mag sein, weil sie selber zu wenig Zeit hatten, um ihre Kinder beizeiten auf die Gefahren hinzuweisen, die zuviel vom Guten beinhalten (wie man schon bei Watzlawick nachlesen konnte). Weil sie ja aufbauen wollten, um ihren Kindern und Enkeln eine bessere Welt bieten zu k\u00f6nnen.<\/p>\n\n\n\n&nbsp;\n\n\n\n<p>Und jetzt? Stehen die\nEnkelInnen und die Omas\/Opas gemeinsam auf, um dem b\u00f6sen Spiel des\nZauberlehrlings Einhalt gebieten zu wollen. Diesem Spiel, das schon lang keines\nmehr ist und das von den Generationen zwischen jung und alt irgendwie in eine\nfalsche Richtung gelenkt wird. Wo es eben nichts mehr aufzubauen gibt, und die\nErhaltung des Vorhandenen anscheinend zu wenig kreative Strahlkraft als Aufgabe\nf\u00fcr die derzeitigen Machthaber &#8211; und auch ihrer W\u00e4hler &#8211; hat.<\/p>\n\n\n\n<p><strong>H\u00f6ren wir doch endlich auf die noch nicht durch Lobbys verseuchten Forderungen der jungen Menschen! <\/strong><\/p>\n\n\n\n<p><strong>H\u00f6ren wir doch endlich auf die Erfahrungen der Altvorderen! <\/strong><\/p>\n\n\n\n<p>Die &#8222;Weisheiten&#8220; der Generationen dazwischen haben uns an einen Punkt gebracht, der sich f\u00fcr den eigenen Nachwuchs mehr als r\u00e4chen wird. Und wenn es so rasant weitergeht, auch noch f\u00fcr deren Eltern, die in ihrer Kurzsichtigkeit und Fokussiertheit auf Konsum gerade dabei sind, die Welt aus ihren Angeln zu heben.<\/p>\n\n\n\n&nbsp;\n\n\n\n<p><strong>Gestern haben sie miteinander demonstriert. Die Jungen und die Alten.<\/strong><\/p>\n\n\n\n&nbsp;\n\n\n\n<p>Also, Eltern der\nKinder und Kinder der Omas, vielleicht denkt ihr endlich einmal dar\u00fcber nach,\ndass ihr das Verbindungsglied zwischen den Generationen seid und daf\u00fcr\nVerantwortung tr\u00e4gt, was ihr euren Kindern (f\u00fcr die ihr angeblichnur das Beste\nwollt) und Eltern (die f\u00fcr euch etwas aufgebaut haben, das sich zu erhalten\nlohnt!), aber auch euch selbst antut.<\/p>\n\n\n\n<p>Die Zeit daf\u00fcr ist h\u00f6chst reif!<\/p>\n\n\n\n<p>&nbsp;<\/p>\n<div style=\"text-align: center\"><img decoding=\"async\" src=\"http:\/\/filosofium.evelyne-weissenbach.at\/wp-content\/uploads\/2019\/04\/5w_opas.jpg\" width=\"535&quot;\" height=\"400\" title=\"opas for future\" alt=\"opas for future\"><\/div>\n<p>&nbsp;<\/p>\n","protected":false},"excerpt":{"rendered":"<p>H\u00f6ren wir doch endlich auf die noch nicht durch Lobbys verseuchten Forderungen der jungen Menschen!<br \/>\nH\u00f6ren wir doch endlich auf die Erfahrungen der Altvorderen!<\/p>\n","protected":false},"author":1,"featured_media":0,"comment_status":"open","ping_status":"closed","sticky":false,"template":"","format":"standard","meta":{"jetpack_post_was_ever_published":false,"_jetpack_newsletter_access":"","_jetpack_dont_email_post_to_subs":false,"_jetpack_newsletter_tier_id":0,"_jetpack_memberships_contains_paywalled_content":false,"_jetpack_memberships_contains_paid_content":false,"footnotes":"","jetpack_publicize_message":"","jetpack_publicize_feature_enabled":true,"jetpack_social_post_already_shared":true,"jetpack_social_options":{"image_generator_settings":{"template":"highway","default_image_id":0,"font":"","enabled":false},"version":2}},"categories":[7,231,233],"tags":[992,1000,999],"class_list":["post-5563","post","type-post","status-publish","format-standard","hentry","category-die-wichtigkeit-des-seins","category-humanitares","category-kolumne-2","tag-fridays-for-future","tag-nachhaltigkeit","tag-omas-gegen-rechts"],"jetpack_publicize_connections":[],"jetpack_featured_media_url":"","jetpack_shortlink":"https:\/\/wp.me\/p3ZwSb-1rJ","jetpack_sharing_enabled":true,"jetpack_likes_enabled":true,"_links":{"self":[{"href":"https:\/\/filosofium.evelyne-weissenbach.at\/index.php?rest_route=\/wp\/v2\/posts\/5563","targetHints":{"allow":["GET"]}}],"collection":[{"href":"https:\/\/filosofium.evelyne-weissenbach.at\/index.php?rest_route=\/wp\/v2\/posts"}],"about":[{"href":"https:\/\/filosofium.evelyne-weissenbach.at\/index.php?rest_route=\/wp\/v2\/types\/post"}],"author":[{"embeddable":true,"href":"https:\/\/filosofium.evelyne-weissenbach.at\/index.php?rest_route=\/wp\/v2\/users\/1"}],"replies":[{"embeddable":true,"href":"https:\/\/filosofium.evelyne-weissenbach.at\/index.php?rest_route=%2Fwp%2Fv2%2Fcomments&post=5563"}],"version-history":[{"count":27,"href":"https:\/\/filosofium.evelyne-weissenbach.at\/index.php?rest_route=\/wp\/v2\/posts\/5563\/revisions"}],"predecessor-version":[{"id":5604,"href":"https:\/\/filosofium.evelyne-weissenbach.at\/index.php?rest_route=\/wp\/v2\/posts\/5563\/revisions\/5604"}],"wp:attachment":[{"href":"https:\/\/filosofium.evelyne-weissenbach.at\/index.php?rest_route=%2Fwp%2Fv2%2Fmedia&parent=5563"}],"wp:term":[{"taxonomy":"category","embeddable":true,"href":"https:\/\/filosofium.evelyne-weissenbach.at\/index.php?rest_route=%2Fwp%2Fv2%2Fcategories&post=5563"},{"taxonomy":"post_tag","embeddable":true,"href":"https:\/\/filosofium.evelyne-weissenbach.at\/index.php?rest_route=%2Fwp%2Fv2%2Ftags&post=5563"}],"curies":[{"name":"wp","href":"https:\/\/api.w.org\/{rel}","templated":true}]}}