{"id":5605,"date":"2019-06-03T18:19:07","date_gmt":"2019-06-03T16:19:07","guid":{"rendered":"http:\/\/filosofium.evelyne-weissenbach.at\/?p=5605"},"modified":"2019-07-20T16:02:26","modified_gmt":"2019-07-20T14:02:26","slug":"was-ihr-wissen-sollt","status":"publish","type":"post","link":"https:\/\/filosofium.evelyne-weissenbach.at\/?p=5605","title":{"rendered":"Was Ihr wissen sollt"},"content":{"rendered":"\n<p>Liebe Freunde,<br><br>\n\nhier ist es wieder einmal sehr still geworden.<br>\nIch denke, Ihr solltet wissen, warum das so ist.<br><br>\nLeider bin ich sowas von keinem Multitasking-Genie. Ich kann nicht mehreres auf einmal. Und schon gar nicht Gedichte schreiben, wenn in meinem Kopf ganz anderes herumfuhrwerkt. <br>\nSo wie es aussieht, wird es wohl wieder bis zur Winterschlafpause dauern, bis mich die Muse k\u00fcsst. Ich hoffe, dass sie es zumindest dann wieder tut &#8230;<br><br>\nWenn ich mir was w\u00fcnschen darf, dann dass Ihr mir ein ganz klein bisschen treu bleibt bis dahin und dar\u00fcberhinaus w\u00fcnsche ich Euch einen wundersch\u00f6nen Sommer.<br><br>\nGanz liebe Gr\u00fc\u00dfe<br>\nEure Lintschi <br>\n<p>&nbsp;<\/p>\n\n\n\n<div style=\"text-align: center\"><a href=\"http:\/\/evelyne-weissenbach.at\/2019\/05\/16\/lesungen-3\/\" target=\"_blank\" rel=\"noopener noreferrer\"><img decoding=\"async\" src=\"http:\/\/filosofium.evelyne-weissenbach.at\/wp-content\/uploads\/2019\/07\/filo_190720.jpg\"  width=\"520\" title=\"termine\" alt=\"termine\"><\/a><br>\n<a href=\"http:\/\/evelyne-weissenbach.at\/2019\/05\/16\/lesungen-3\/\" target=\"_blank\" rel=\"noopener noreferrer\"><span style=\"font-size: 12px; color: #993300;\">Aktualisiert wird die Liste immer unter dem hinterlegten Link<\/span><\/a><\/div>\n<p>&nbsp;<\/p>\n","protected":false},"excerpt":{"rendered":"<p>Liebe Freunde, hier ist es wieder einmal sehr still geworden. Ich denke, Ihr solltet wissen, warum das so ist. Leider bin ich sowas von keinem Multitasking-Genie. Ich kann nicht mehreres auf einmal. Und schon gar nicht Gedichte schreiben, wenn in meinem Kopf ganz anderes herumfuhrwerkt. So wie es aussieht, wird es wohl wieder bis zur [&hellip;]<\/p>\n","protected":false},"author":1,"featured_media":0,"comment_status":"open","ping_status":"closed","sticky":false,"template":"","format":"standard","meta":{"jetpack_post_was_ever_published":false,"_jetpack_newsletter_access":"","_jetpack_dont_email_post_to_subs":false,"_jetpack_newsletter_tier_id":0,"_jetpack_memberships_contains_paywalled_content":false,"_jetpack_memberships_contains_paid_content":false,"footnotes":"","jetpack_publicize_message":"","jetpack_publicize_feature_enabled":true,"jetpack_social_post_already_shared":true,"jetpack_social_options":{"image_generator_settings":{"template":"highway","default_image_id":0,"font":"","enabled":false},"version":2}},"categories":[232,769,773,27],"tags":[864,892,868],"class_list":["post-5605","post","type-post","status-publish","format-standard","hentry","category-in-eigener-sache","category-krimis","category-luise-pimpernell","category-veranstaltungen","tag-burgenlandkrimi","tag-krimilesung","tag-neusiedlerseekrimi"],"jetpack_publicize_connections":[],"jetpack_featured_media_url":"","jetpack_shortlink":"https:\/\/wp.me\/p3ZwSb-1sp","jetpack_sharing_enabled":true,"jetpack_likes_enabled":true,"_links":{"self":[{"href":"https:\/\/filosofium.evelyne-weissenbach.at\/index.php?rest_route=\/wp\/v2\/posts\/5605","targetHints":{"allow":["GET"]}}],"collection":[{"href":"https:\/\/filosofium.evelyne-weissenbach.at\/index.php?rest_route=\/wp\/v2\/posts"}],"about":[{"href":"https:\/\/filosofium.evelyne-weissenbach.at\/index.php?rest_route=\/wp\/v2\/types\/post"}],"author":[{"embeddable":true,"href":"https:\/\/filosofium.evelyne-weissenbach.at\/index.php?rest_route=\/wp\/v2\/users\/1"}],"replies":[{"embeddable":true,"href":"https:\/\/filosofium.evelyne-weissenbach.at\/index.php?rest_route=%2Fwp%2Fv2%2Fcomments&post=5605"}],"version-history":[{"count":9,"href":"https:\/\/filosofium.evelyne-weissenbach.at\/index.php?rest_route=\/wp\/v2\/posts\/5605\/revisions"}],"predecessor-version":[{"id":5627,"href":"https:\/\/filosofium.evelyne-weissenbach.at\/index.php?rest_route=\/wp\/v2\/posts\/5605\/revisions\/5627"}],"wp:attachment":[{"href":"https:\/\/filosofium.evelyne-weissenbach.at\/index.php?rest_route=%2Fwp%2Fv2%2Fmedia&parent=5605"}],"wp:term":[{"taxonomy":"category","embeddable":true,"href":"https:\/\/filosofium.evelyne-weissenbach.at\/index.php?rest_route=%2Fwp%2Fv2%2Fcategories&post=5605"},{"taxonomy":"post_tag","embeddable":true,"href":"https:\/\/filosofium.evelyne-weissenbach.at\/index.php?rest_route=%2Fwp%2Fv2%2Ftags&post=5605"}],"curies":[{"name":"wp","href":"https:\/\/api.w.org\/{rel}","templated":true}]}}