{"id":5652,"date":"2019-10-02T00:28:59","date_gmt":"2019-10-01T22:28:59","guid":{"rendered":"http:\/\/filosofium.evelyne-weissenbach.at\/?p=5652"},"modified":"2019-10-03T13:45:42","modified_gmt":"2019-10-03T11:45:42","slug":"nach-der-wahl","status":"publish","type":"post","link":"https:\/\/filosofium.evelyne-weissenbach.at\/?p=5652","title":{"rendered":"Nach der Wahl"},"content":{"rendered":"\n<div style=\"text-align: center\"><img decoding=\"async\" src=\"http:\/\/filosofium.evelyne-weissenbach.at\/wp-content\/uploads\/2019\/10\/wahl.jpg\" width=\"500\" title=\"wahl\" alt=\"nach der wahl\"><\/div><p>&nbsp;<\/p>\n\n\n\n<p>Ich sags wies ist, ich habe derzeit ein Problem mit meinen Mitmenschen. Genauer gesagt, mit meinen Mitleuten \u2026<br><br>\nEs geht mir nicht um Schwarz oder Rot, Blau oder Gr\u00fcn und wie sich die Protagonisten im Wahlkampf verhalten haben. Ich bin weder sehr leicht manipulierbar, noch bin ich eine eingeschworene Rote, Gr\u00fcne, Pinke, Jetztige. Schon gar keine Sympathiew\u00e4hlerin. Mir ist egal, ob der Bub so herzig, die Frau so d\u00fcnn ist, und einer zu viel oder zu wenig trinkt, solange er trotzdem noch wei\u00df, was er tut und sagt.<br><br>\nIch achte darauf, was die Leute tats\u00e4chlich vorhaben, wie sie \u00fcber menschliche Belange sprechen. Da kann man viel erkennen! Und nichts anderes ist von gr\u00f6\u00dferer Wichtigkeit.<br>\n\u00dcberall gibt es nat\u00fcrlich einiges, das mir nicht gefallen hat oder gef\u00e4llt.<br><br>\nAber manche sagten es ganz deutlich und einige davon haben es ja sogar schon gezeigt, dass die Menschen f\u00fcr sie nur &#8222;Masse&#8220; sind in ihrem Spiel um Masse und Macht.<br><br>\nMir geht es darum, dass es doch Parteien und ihre Vorderm\u00e4nner gibt, die eindeutig und offenkundig gegen die Menschlichkeit versto\u00dfen, gegen gemeinschaftliche Standards, oder offensichtlich korrumpierbar sind und dies bereits belegt wurde. Dass sie \u00fcberwiesenerma\u00dfen (unterstellen tut mans ja allen PolitikerInnen) l\u00fcgen, bis sich die Balken biegen. Sich selber und ihren Gefolgsleuten die Taschen vollstopfen, mit dem ihnen von den W\u00e4hlerInnen anvertrauten Geld sehr sorglos umgehen und es in obskure Projekte investieren, die nur einer bestimmten Bev\u00f6lkerungsschicht zugute kommen. Denen, die Hilfe durch den Staat brauchen, diese verweigern und sie aus der Gesellschaft hinaus- und in die Armut hineindr\u00e4ngen wollen, Hass s\u00e4en, die Gesellschaft entzweien.<br><br>\nUnd dann komme ich drauf, dass in meinem Bekanntenkreis sich einige genau daf\u00fcr entschieden haben, obwohl ich in Gespr\u00e4chen mit ihnen glaubte, dass sie offene, hilfsbereite, redliche Menschen sind. Die sich sogar an Aktionen mit mir beteiligten und Projekte unterst\u00fctzten, die diesen Programmen zuwiderlaufen.<br><br>\nIch kanns nicht verstehen und bin von so manchem\/r zutiefst entt\u00e4uscht und ich gebs zu, ich kann schlecht damit umgehen. F\u00fcr mich ist die Welt nicht mehr wie vor der Wahl!<br><br>\nIch akzeptiere, dass ich in einer Demokratie lebe, ich akzeptiere, dass es unterschiedliche Meinungen gibt, aber <i>ICH ganz pers\u00f6nlich<\/i> habe ein Problem damit, dass es so viele Leute gibt, die nicht mehr wissen, was gut oder b\u00f6se ist. Die Eitelkeit nicht von Empathie unterscheiden k\u00f6nnen und um ein goldenes Kalb tanzen, das sie selber &#8211; so gar nicht g\u00fclden &#8211; permanent anschei\u00dft.<br><br>\nDie ihr eigenes kleines M\u00fctchen k\u00fchlen und ihre eigenen kleinen Lebchen \u00fcber die Gemeinschaft stellen, andere daf\u00fcr in den Dreck sto\u00dfen, damit sie auf ihrer Wolke der Selbstsicht als liebende Menschen weiterschweben k\u00f6nnen.<br>\nIch lasse Euch gern weiterschweben, ich glaube nicht, dass ich dazu berufen bin, irgendjemanden zu bekehren oder ihm die Maske vom Gesicht zu rei\u00dfen, aber ich muss mit meinen Problemen umgehen, wie ich glaube, dass es f\u00fcr mich gut ist.<br><br>\nIch ertrage es an sich schon nur sehr schlecht, dass Unanst\u00e4ndigkeit und Menschenverachtung den gr\u00f6\u00dften Platz in unserer Gesellschaft zu haben scheint, aber dass diese sich nun sogar in mein direktes Umfeld einschleichen, das schl\u00e4gt mir eindeutig aufs Gem\u00fct.<br><br>\nWenn ich also in Zukunft zu und mit dem einen oder anderen meine Kontakte ausd\u00fcnne, dann ist das meinem Wohlbefinden geschuldet.<br><\/p>\n<p>&nbsp;<\/p>\n","protected":false},"excerpt":{"rendered":"<p>&nbsp; Ich sags wies ist, ich habe derzeit ein Problem mit meinen Mitmenschen. Genauer gesagt, mit meinen Mitleuten \u2026 Es geht mir nicht um Schwarz oder Rot, Blau oder Gr\u00fcn und wie sich die Protagonisten im Wahlkampf verhalten haben. Ich bin weder sehr leicht manipulierbar, noch bin ich eine eingeschworene Rote, Gr\u00fcne, Pinke, Jetztige. Schon [&hellip;]<\/p>\n","protected":false},"author":1,"featured_media":0,"comment_status":"open","ping_status":"closed","sticky":false,"template":"","format":"standard","meta":{"jetpack_post_was_ever_published":false,"_jetpack_newsletter_access":"","_jetpack_dont_email_post_to_subs":false,"_jetpack_newsletter_tier_id":0,"_jetpack_memberships_contains_paywalled_content":false,"_jetpack_memberships_contains_paid_content":false,"footnotes":"","jetpack_publicize_message":"","jetpack_publicize_feature_enabled":true,"jetpack_social_post_already_shared":true,"jetpack_social_options":{"image_generator_settings":{"template":"highway","default_image_id":0,"font":"","enabled":false},"version":2}},"categories":[7,231,24],"tags":[822,1005],"class_list":["post-5652","post","type-post","status-publish","format-standard","hentry","category-die-wichtigkeit-des-seins","category-humanitares","category-selbst-liebe-lernen","tag-wahl","tag-wahlergebnis"],"jetpack_publicize_connections":[],"jetpack_featured_media_url":"","jetpack_shortlink":"https:\/\/wp.me\/p3ZwSb-1ta","jetpack_sharing_enabled":true,"jetpack_likes_enabled":true,"_links":{"self":[{"href":"https:\/\/filosofium.evelyne-weissenbach.at\/index.php?rest_route=\/wp\/v2\/posts\/5652","targetHints":{"allow":["GET"]}}],"collection":[{"href":"https:\/\/filosofium.evelyne-weissenbach.at\/index.php?rest_route=\/wp\/v2\/posts"}],"about":[{"href":"https:\/\/filosofium.evelyne-weissenbach.at\/index.php?rest_route=\/wp\/v2\/types\/post"}],"author":[{"embeddable":true,"href":"https:\/\/filosofium.evelyne-weissenbach.at\/index.php?rest_route=\/wp\/v2\/users\/1"}],"replies":[{"embeddable":true,"href":"https:\/\/filosofium.evelyne-weissenbach.at\/index.php?rest_route=%2Fwp%2Fv2%2Fcomments&post=5652"}],"version-history":[{"count":5,"href":"https:\/\/filosofium.evelyne-weissenbach.at\/index.php?rest_route=\/wp\/v2\/posts\/5652\/revisions"}],"predecessor-version":[{"id":5662,"href":"https:\/\/filosofium.evelyne-weissenbach.at\/index.php?rest_route=\/wp\/v2\/posts\/5652\/revisions\/5662"}],"wp:attachment":[{"href":"https:\/\/filosofium.evelyne-weissenbach.at\/index.php?rest_route=%2Fwp%2Fv2%2Fmedia&parent=5652"}],"wp:term":[{"taxonomy":"category","embeddable":true,"href":"https:\/\/filosofium.evelyne-weissenbach.at\/index.php?rest_route=%2Fwp%2Fv2%2Fcategories&post=5652"},{"taxonomy":"post_tag","embeddable":true,"href":"https:\/\/filosofium.evelyne-weissenbach.at\/index.php?rest_route=%2Fwp%2Fv2%2Ftags&post=5652"}],"curies":[{"name":"wp","href":"https:\/\/api.w.org\/{rel}","templated":true}]}}