{"id":5687,"date":"2019-10-20T18:40:05","date_gmt":"2019-10-20T16:40:05","guid":{"rendered":"http:\/\/filosofium.evelyne-weissenbach.at\/?p=5687"},"modified":"2019-11-05T13:31:22","modified_gmt":"2019-11-05T12:31:22","slug":"geliebter-fromm","status":"publish","type":"post","link":"https:\/\/filosofium.evelyne-weissenbach.at\/?p=5687","title":{"rendered":"Geliebter Fromm"},"content":{"rendered":"\n<p>Nach (viel zu) langer Zeit habe ich wieder einmal meinen Fromm hervorgezogen. Irgendwie schien mir die Welt derzeit so angstmachend. Ich wusste, es war dringend n\u00f6tig, mich einem Perspektivenwechsel zu unterziehen. Und Fromm hilft mir immer.<br>\nEr hat mir schon einmal das Leben gerettet. Vor mehr als 30 Jahren! Mit seiner &#8222;Kunst des Liebens&#8220; und &#8222;Haben oder Sein&#8220;.<br><br>\n\nUnd wieder war es faszinierend. Ich, die ich schon l\u00e4ngere Zeit nicht sehr konzentriert lesen konnte, also eher in den Trivialbereich auswanderte, habe die ersten Kapitel von &#8222;Die Furcht vor der Freiheit&#8220; verschlungen. Und zwar sinnerfassend! Dabei ist der Text so unsympathisch wahnsinnig klein gedruckt. Nicht einmal das konnte mich irritieren.<br><br>\n\nDer Mann ist und bleibt f\u00fcr mich der Gr\u00f6\u00dfte. Der mir die Welt erkl\u00e4ren kann in einer Art, dass ich verstehe, was abl\u00e4uft. Der es dadurch schafft, mich nicht selber ebenfalls im Hass (halt gegen die Hasser) aufzufressen, sondern das Menschliche auch in all seinen fatalen Schw\u00e4chen erkennen und verstehen zu k\u00f6nnen. <br><br>\nIch sp\u00fcrte, wie bei jedem Absatz ein Knoten in mir platzte und ich mich der Freiheit zuwandte, anstatt mich in der Anklage zu verzetteln und als Opfer eines unentrinnbaren Untergangs zu sehen. Und vor allem zu f\u00fchlen.<br><br>\n\nIm Augenblick bin ich einfach nur dankbar, dass ich mich wieder Wesentlicherem zuwenden kann, als in Angst und Schrecken zu versinken, oder dem Grauen T\u00fcr und Tor in mich zu \u00f6ffnen.<br>\nNein, es gibt auch eine andere Seite des Menschseins und jeder ist dazu aufgerufen, sich selbst zu entscheiden, wie er mit seiner Grundausstattung umgeht. <br>\n<br>\nWir sind wohl ein unaufl\u00f6slicher Bestandteil der Menschheit und m\u00fcssen die Verantwortung f\u00fcr sie mittragen, ob wir wollen oder nicht, aber wir sind auch Individualwesen, die sich lediglich in physiologischen Bereichen gleichen und deshalb die M\u00f6glichkeit f\u00fcr psychisch hygienische Freiheit in sich tragen. Diese zu w\u00e4hlen, obliegt einzig uns selbst.<br><br>\n\nKleine Kostproben gef\u00e4llig? Bitte sehr.<\/p>\n<p>&nbsp;<\/p>\n\n\n\n<div style=\"text-align: center\">\n<img loading=\"lazy\" decoding=\"async\" src=\"http:\/\/filosofium.evelyne-weissenbach.at\/wp-content\/uploads\/2019\/10\/5w_175551.jpg\" width=\"500\" height=\"206\" alt=\"zitat aus furcht vor der freiheit\" title=\"zitat aus furcht vor der freiheit\"><br>\n<br>\n\n<img loading=\"lazy\" decoding=\"async\" src=\"http:\/\/filosofium.evelyne-weissenbach.at\/wp-content\/uploads\/2019\/10\/5w_175518.jpg\" width=\"500\" height=\"220\" alt=\"zitat aus furcht vor der freiheit\" title=\"zitat aus furcht vor der freiheit\"><br><br>\n<img loading=\"lazy\" decoding=\"async\" src=\"http:\/\/filosofium.evelyne-weissenbach.at\/wp-content\/uploads\/2019\/10\/5w_175742.jpg\" width=\"500\" height=\"247\" alt=\"zitat aus furcht vor der freiheit\" title=\"zitat aus furcht vor der freiheit\"><br><br>\n<img loading=\"lazy\" decoding=\"async\" src=\"http:\/\/filosofium.evelyne-weissenbach.at\/wp-content\/uploads\/2019\/10\/5w_175659.jpg\" width=\"500\" height=\"225\" alt=\"zitat aus furcht vor der freiheit\" title=\"zitat aus furcht vor der freiheit\"><br><br>\n\n<img loading=\"lazy\" decoding=\"async\" src=\"http:\/\/filosofium.evelyne-weissenbach.at\/wp-content\/uploads\/2019\/10\/5w_DSC04497t.jpg\" width=\"500\" height=\"500\" alt=\"erich fromm\" title=\"erich fromm\"><br>\n\n<\/div>\n<p>&nbsp;<\/p>\n\n\n","protected":false},"excerpt":{"rendered":"<p>Nach (viel zu) langer Zeit habe ich wieder einmal meinen Fromm hervorgezogen. Irgendwie schien mir die Welt derzeit so angstmachend. Ich wusste, es war dringend n\u00f6tig, mich einem Perspektivenwechsel zu unterziehen. Und Fromm hilft mir immer. Er hat mir schon einmal das Leben gerettet. Vor mehr als 30 Jahren! Mit seiner &#8222;Kunst des Liebens&#8220; und [&hellip;]<\/p>\n","protected":false},"author":1,"featured_media":0,"comment_status":"open","ping_status":"closed","sticky":false,"template":"","format":"standard","meta":{"jetpack_post_was_ever_published":false,"_jetpack_newsletter_access":"","_jetpack_dont_email_post_to_subs":false,"_jetpack_newsletter_tier_id":0,"_jetpack_memberships_contains_paywalled_content":false,"_jetpack_memberships_contains_paid_content":false,"footnotes":"","jetpack_publicize_message":"","jetpack_publicize_feature_enabled":true,"jetpack_social_post_already_shared":true,"jetpack_social_options":{"image_generator_settings":{"template":"highway","default_image_id":0,"font":"","enabled":false},"version":2}},"categories":[7,1020],"tags":[],"class_list":["post-5687","post","type-post","status-publish","format-standard","hentry","category-die-wichtigkeit-des-seins","category-erich-fromm"],"jetpack_publicize_connections":[],"jetpack_featured_media_url":"","jetpack_shortlink":"https:\/\/wp.me\/p3ZwSb-1tJ","jetpack_sharing_enabled":true,"jetpack_likes_enabled":true,"_links":{"self":[{"href":"https:\/\/filosofium.evelyne-weissenbach.at\/index.php?rest_route=\/wp\/v2\/posts\/5687","targetHints":{"allow":["GET"]}}],"collection":[{"href":"https:\/\/filosofium.evelyne-weissenbach.at\/index.php?rest_route=\/wp\/v2\/posts"}],"about":[{"href":"https:\/\/filosofium.evelyne-weissenbach.at\/index.php?rest_route=\/wp\/v2\/types\/post"}],"author":[{"embeddable":true,"href":"https:\/\/filosofium.evelyne-weissenbach.at\/index.php?rest_route=\/wp\/v2\/users\/1"}],"replies":[{"embeddable":true,"href":"https:\/\/filosofium.evelyne-weissenbach.at\/index.php?rest_route=%2Fwp%2Fv2%2Fcomments&post=5687"}],"version-history":[{"count":6,"href":"https:\/\/filosofium.evelyne-weissenbach.at\/index.php?rest_route=\/wp\/v2\/posts\/5687\/revisions"}],"predecessor-version":[{"id":5698,"href":"https:\/\/filosofium.evelyne-weissenbach.at\/index.php?rest_route=\/wp\/v2\/posts\/5687\/revisions\/5698"}],"wp:attachment":[{"href":"https:\/\/filosofium.evelyne-weissenbach.at\/index.php?rest_route=%2Fwp%2Fv2%2Fmedia&parent=5687"}],"wp:term":[{"taxonomy":"category","embeddable":true,"href":"https:\/\/filosofium.evelyne-weissenbach.at\/index.php?rest_route=%2Fwp%2Fv2%2Fcategories&post=5687"},{"taxonomy":"post_tag","embeddable":true,"href":"https:\/\/filosofium.evelyne-weissenbach.at\/index.php?rest_route=%2Fwp%2Fv2%2Ftags&post=5687"}],"curies":[{"name":"wp","href":"https:\/\/api.w.org\/{rel}","templated":true}]}}