{"id":5732,"date":"2019-11-05T14:37:18","date_gmt":"2019-11-05T13:37:18","guid":{"rendered":"http:\/\/filosofium.evelyne-weissenbach.at\/?p=5732"},"modified":"2019-11-05T14:41:53","modified_gmt":"2019-11-05T13:41:53","slug":"was-heisst-denn-bitte-alle-lieben","status":"publish","type":"post","link":"https:\/\/filosofium.evelyne-weissenbach.at\/?p=5732","title":{"rendered":"Was hei\u00dft denn bitte ALLE lieben?"},"content":{"rendered":"\n<p>Wenn Gespr\u00e4chspartner das Prinzip des &#8222;ALLE liebens&#8220; als Theorie auch oft anerkennen k\u00f6nnen, so macht es vielen dann am meisten Kopfzerbrechen, wie das Prinzip der Liebe auf den Alltag anzuwenden ist. <br>Jeder hat doch Menschen oder Tiere oder auch die Natur, die er &#8222;mehr&#8220; oder &#8222;besonders&#8220; liebt. <br>Und schon gar nicht ist es oft erkl\u00e4rlich, wie man eben einen Trump oder einen Erdogan lieben soll.<br><br>\n<div style=\"text-align: center\"><img decoding=\"async\" src=\"http:\/\/filosofium.evelyne-weissenbach.at\/wp-content\/uploads\/2019\/11\/ceramic-3399387_640.jpg\" width=\"520\" alt=\"alle lieben\" title=\"alle lieben\"<\/img><\/div>\n<br><br>\nDas ist nichts anderes als ein festgefahrenes Denkmuster! <br>\nDas uns leider die Sicht auf die Liebe sehr verstellt.<br> <br>\n\nAuf der einen Seite verwechseln viele Menschen Liebe mit etwas anderem, mit Trieben, Reizen oder Inutuitionen. Auf der anderen Seite spielen Besitzdenken, oder verschobene Verantwortungsbereiche, die uns oft \u00fcber das Kollektive Unbewusste antrainiert werden, eine sehr gro\u00dfe Rolle. \nViele wollen \u00fcber die Liebe ihre Defizite f\u00fcllen.<br><br>\n\nDas ist selbstverst\u00e4ndlich okay, aber die Liebe ist kein Kuhhandel.<br>\nSie ist in der Grundausstattung des Menschen angelegt, um ihn zu dem zu machen, was er ist: zu einem Menschen. Niemand sonst kann <i>bewusst<\/i> lieben! Die Betonung und auch der Unterschied liegen in der bewussten Entscheidung zur Liebe.<br>\nDenn an sich ist Liebe nat\u00fcrlich in allem. In der gesamten Sch\u00f6pfung Gottes.<br>\nAlles, was sich in einen gebenden Prozess einbringt.<br><br>\n\nUnd nun kommen wir zu dem Prinzip, das f\u00fcr die Anwendung zum &#8222;Alle und alles lieben&#8220; wesentlich ist.<br><br>\n\nLiebe ist unteilbar. Sie ist eine Einstellung zum Leben und zum Selbst.<br>\nDie Liebe erf\u00fcllt uns.<br>\nWenn wir nun jemanden hassen, dann tritt der Hass an ihre Stelle. Wenn wir Angst haben, tritt die Angst an ihre Stelle.<br><br>\n\nEs hei\u00dft keineswegs, dass wir deshalb unkritisch sein m\u00fcssen. Dass wir alles erdulden m\u00fcssen.<br>\nDie Liebe braucht offene Augen!<br>\nWenn mich jemand bedroht oder verletzt, dann ist es wichtig mir Schutz zu geben &#8211; also Selbstliebe &#8211; und nicht die Liebe durch Angst oder Hass zu ersetzen.<br><br>\n\nWenn ich Gef\u00fchle und Reaktionen annehme, wie z.B. Angst, Trauer, oder auch Wut, dann schlie\u00dft das die Liebe noch nicht aus! Es kommt darauf an, wie ich damit umgehe. Ob ich sie gegen die Liebe, gegen Andere, oder auch mich selbst richte.<br><br>\n\nLiebe lebt in der Entscheidung zur Liebe! Ohne diese Entscheidung k\u00f6nnen wir nicht lieben.<br>\nUnd sind dann Einfl\u00fcssen von au\u00dfen fast hilflos ausgesetzt.<br><br>\n\nWenn man sich zur Liebe entscheidet, ist man nie hilflos!<br><br>\nLiebe ist ein agierender Prozess des Wollens! Kein reagierender Prozess, der durch Ereignisse bestimmt wird.<br><\/p>\n<p>&nbsp;<\/p>\n","protected":false},"excerpt":{"rendered":"<p>Wenn Gespr\u00e4chspartner das Prinzip des &#8222;ALLE liebens&#8220; als Theorie auch oft anerkennen k\u00f6nnen, so macht es vielen dann am meisten Kopfzerbrechen, wie das Prinzip der Liebe auf den Alltag anzuwenden ist. Jeder hat doch Menschen oder Tiere oder auch die Natur, die er &#8222;mehr&#8220; oder &#8222;besonders&#8220; liebt. Und schon gar nicht ist es oft erkl\u00e4rlich, [&hellip;]<\/p>\n","protected":false},"author":1,"featured_media":0,"comment_status":"open","ping_status":"closed","sticky":false,"template":"","format":"standard","meta":{"jetpack_post_was_ever_published":false,"_jetpack_newsletter_access":"","_jetpack_dont_email_post_to_subs":false,"_jetpack_newsletter_tier_id":0,"_jetpack_memberships_contains_paywalled_content":false,"_jetpack_memberships_contains_paid_content":false,"footnotes":"","jetpack_publicize_message":"","jetpack_publicize_feature_enabled":true,"jetpack_social_post_already_shared":true,"jetpack_social_options":{"image_generator_settings":{"template":"highway","default_image_id":0,"font":"","enabled":false},"version":2}},"categories":[7,1020],"tags":[1021,1009,1008],"class_list":["post-5732","post","type-post","status-publish","format-standard","hentry","category-die-wichtigkeit-des-seins","category-erich-fromm","tag-alle-lieben","tag-erich-fromm","tag-kunst-des-liebens"],"jetpack_publicize_connections":[],"jetpack_featured_media_url":"","jetpack_shortlink":"https:\/\/wp.me\/p3ZwSb-1us","jetpack_sharing_enabled":true,"jetpack_likes_enabled":true,"_links":{"self":[{"href":"https:\/\/filosofium.evelyne-weissenbach.at\/index.php?rest_route=\/wp\/v2\/posts\/5732","targetHints":{"allow":["GET"]}}],"collection":[{"href":"https:\/\/filosofium.evelyne-weissenbach.at\/index.php?rest_route=\/wp\/v2\/posts"}],"about":[{"href":"https:\/\/filosofium.evelyne-weissenbach.at\/index.php?rest_route=\/wp\/v2\/types\/post"}],"author":[{"embeddable":true,"href":"https:\/\/filosofium.evelyne-weissenbach.at\/index.php?rest_route=\/wp\/v2\/users\/1"}],"replies":[{"embeddable":true,"href":"https:\/\/filosofium.evelyne-weissenbach.at\/index.php?rest_route=%2Fwp%2Fv2%2Fcomments&post=5732"}],"version-history":[{"count":8,"href":"https:\/\/filosofium.evelyne-weissenbach.at\/index.php?rest_route=\/wp\/v2\/posts\/5732\/revisions"}],"predecessor-version":[{"id":5744,"href":"https:\/\/filosofium.evelyne-weissenbach.at\/index.php?rest_route=\/wp\/v2\/posts\/5732\/revisions\/5744"}],"wp:attachment":[{"href":"https:\/\/filosofium.evelyne-weissenbach.at\/index.php?rest_route=%2Fwp%2Fv2%2Fmedia&parent=5732"}],"wp:term":[{"taxonomy":"category","embeddable":true,"href":"https:\/\/filosofium.evelyne-weissenbach.at\/index.php?rest_route=%2Fwp%2Fv2%2Fcategories&post=5732"},{"taxonomy":"post_tag","embeddable":true,"href":"https:\/\/filosofium.evelyne-weissenbach.at\/index.php?rest_route=%2Fwp%2Fv2%2Ftags&post=5732"}],"curies":[{"name":"wp","href":"https:\/\/api.w.org\/{rel}","templated":true}]}}