{"id":5864,"date":"2022-12-01T19:15:00","date_gmt":"2022-12-01T18:15:00","guid":{"rendered":"http:\/\/filosofium.evelyne-weissenbach.at\/?p=5864"},"modified":"2022-12-01T23:27:34","modified_gmt":"2022-12-01T22:27:34","slug":"01","status":"publish","type":"post","link":"https:\/\/filosofium.evelyne-weissenbach.at\/?p=5864","title":{"rendered":"1. Dezember"},"content":{"rendered":"\n<p><img loading=\"lazy\" decoding=\"async\" src=\"http:\/\/evelyne-weissenbach.at\/wp-content\/uploads\/2016\/11\/01a.jpg\" alt=\"01\" width=\"288\" height=\"400\" class=\"alignleft size-full wp-image-1206\"><\/p>\n<p style=\"clear:left\">&nbsp;<\/p>\n<p><span style=\"font-size:18px; color: #993300;\"><strong>Was ist Weihnachten f\u00fcr mich<\/strong><\/span>&nbsp;&nbsp;&nbsp;<a href=\"https:\/\/evelyne-weissenbach.at\/wp-content\/uploads\/2016\/12\/was_ist.mp3\" target=\"_blank\" rel=\"noopener noreferrer\"><img loading=\"lazy\" decoding=\"async\" class=\"alignnone size-full wp-image-771\" src=\"http:\/\/evelyne-weissenbach.at\/wp-content\/uploads\/2016\/10\/0_button_anhoeren.png\" alt=\"0_button_anhoeren\" width=\"150\" height=\"40\"><\/a><\/p>\n\n\n\n<p>&nbsp;<\/p>\n<p>Weihnachten<br>\nist der Liebe Geburtstagsfest.<br>\nDie Nacht, die uns darauf besinnen l\u00e4sst,<br>\ndass an diesem Tag vor ca. 2.000 Jahren<br>\ndie Welt das gro\u00dfe Gl\u00fcck erfahren,<br>\ndass Jesus auf die Erde kam<br>\num die Menschen zu lehren, was die Liebe kann.<br><br>\n\nUnd gesegnet ist jeder der nie vergisst,<br>\ndass Jesus Christus die Liebe selber ist.<br>\nWeil er immer nur liebt<br>\nund immer nur gibt.<br><\/p>\n<p style=\"clear:left\"><\/p>\n<p>Christus<br>\nden als Baby man Christkind nennt.<br>\nDen im heutigen Christkind man fast nicht mehr erkennt,<br>\nweil die Menschen lieben durch besitzen ersetzen<br>\nund geben mit dem Kauf von Geschenken gleichsetzen.<br><br>\n\nWeil so viele Menschen durch die Weihnachtszeit jagen<br>\nUnd in ihrer Hast niemals danach fragen:<br><br>\n\nWie geb&#8216; ich Geborgenheit?<br>\nWie gebe ich Halt?<br>\nWie gebe ich W\u00e4rme, wenn jemandem kalt?<br>\nWie gebe ich Hoffnung?<br>\nWie gebe ich Mut?<br>\nWie gebe ich Freude?<br>\nWie gebe ich gut?<br><br>\n\nDie Frage, die durch unsere Weihnachtszeit schwingt<br>\nist die Frage danach, wieviel das Christkind uns bringt.<br><br>\n\nWir tauschen Geschenke &#8211; wir geben sie nicht.<br>\nDas Geschenkte bekommt nur durch Wert Gewicht.<br><br>\n\nWir tauschen auch die Liebe &#8211; wir lieben sie nicht.<br>\nDie Liebe tr\u00e4gt nicht mehr Jesus\u2019 Gesicht.<br><br>\n\nUnd doch<br>\nist Weihnachten f\u00fcr mich die Zeit,<br>\nin der immer wieder ich zur Hoffnung bereit mich finde,<br>\ndass noch nicht alles verloren.<br>\nWeil am Hl. Abend das Christkind geboren!<br><br>\n\nDas Christkind,<br>\ndas doch auch Herzen aufmacht mit seinem Liebreiz<br>\nder strahlt durch die Nacht<br>\nund viele Menschen darauf besinnen l\u00e4sst,<br>\nwie man richtig feiert der Liebe Fest.<br><br>\n\nUnd die Liebe<br>\ndann das Wunder vollbringt<br>\nzu sp\u00fcren was Weihnachten wirklich ist.<br><br>\n\nDass das was uns das Christkind bringt<br>\nNur in uns selbst zu finden ist.<br><\/p>\n<p>&nbsp;<\/p>\n<p><span style=\"font-size: 14px\">Aus meinem Buch<\/span><\/p>\n<p><a href=\"http:\/\/evelyne-weissenbach.at\/was-ist-weihnachten-fuer-mich\/\" target=\"_blank\" rel=\"noopener noreferrer\"><img loading=\"lazy\" decoding=\"async\" src=\"http:\/\/evelyne-weissenbach.at\/wp-content\/uploads\/2016\/09\/300_xm.jpg\" alt=\"was ist weihnachten f\u00fcr mich\" width=\"200\" height=\"200\" size-full=\"\" wp-image-190\"=\"\"><\/a>\n<\/p>\n\n<p>&nbsp;<\/p>\n","protected":false},"excerpt":{"rendered":"<p>&nbsp; Was ist Weihnachten f\u00fcr mich&nbsp;&nbsp;&nbsp; &nbsp; Weihnachten ist der Liebe Geburtstagsfest. Die Nacht, die uns darauf besinnen l\u00e4sst, dass an diesem Tag vor ca. 2.000 Jahren die Welt das gro\u00dfe Gl\u00fcck erfahren, dass Jesus auf die Erde kam um die Menschen zu lehren, was die Liebe kann. Und gesegnet ist jeder der nie vergisst, [&hellip;]<\/p>\n","protected":false},"author":1,"featured_media":0,"comment_status":"open","ping_status":"closed","sticky":false,"template":"","format":"standard","meta":{"jetpack_post_was_ever_published":false,"_jetpack_newsletter_access":"","_jetpack_dont_email_post_to_subs":false,"_jetpack_newsletter_tier_id":0,"_jetpack_memberships_contains_paywalled_content":false,"_jetpack_memberships_contains_paid_content":false,"footnotes":"","jetpack_publicize_message":"","jetpack_publicize_feature_enabled":true,"jetpack_social_post_already_shared":true,"jetpack_social_options":{"image_generator_settings":{"template":"highway","default_image_id":0,"font":"","enabled":false},"version":2}},"categories":[9,242,11,241],"tags":[39,857],"class_list":["post-5864","post","type-post","status-publish","format-standard","hentry","category-gedichte-2","category-weihnachtsgedichte-gedichte","category-hortexte","category-weihnachten-und-neujahr","tag-advent","tag-adventkalender"],"jetpack_publicize_connections":[],"jetpack_featured_media_url":"","jetpack_shortlink":"https:\/\/wp.me\/s3ZwSb-01","jetpack_sharing_enabled":true,"jetpack_likes_enabled":true,"_links":{"self":[{"href":"https:\/\/filosofium.evelyne-weissenbach.at\/index.php?rest_route=\/wp\/v2\/posts\/5864","targetHints":{"allow":["GET"]}}],"collection":[{"href":"https:\/\/filosofium.evelyne-weissenbach.at\/index.php?rest_route=\/wp\/v2\/posts"}],"about":[{"href":"https:\/\/filosofium.evelyne-weissenbach.at\/index.php?rest_route=\/wp\/v2\/types\/post"}],"author":[{"embeddable":true,"href":"https:\/\/filosofium.evelyne-weissenbach.at\/index.php?rest_route=\/wp\/v2\/users\/1"}],"replies":[{"embeddable":true,"href":"https:\/\/filosofium.evelyne-weissenbach.at\/index.php?rest_route=%2Fwp%2Fv2%2Fcomments&post=5864"}],"version-history":[{"count":14,"href":"https:\/\/filosofium.evelyne-weissenbach.at\/index.php?rest_route=\/wp\/v2\/posts\/5864\/revisions"}],"predecessor-version":[{"id":8389,"href":"https:\/\/filosofium.evelyne-weissenbach.at\/index.php?rest_route=\/wp\/v2\/posts\/5864\/revisions\/8389"}],"wp:attachment":[{"href":"https:\/\/filosofium.evelyne-weissenbach.at\/index.php?rest_route=%2Fwp%2Fv2%2Fmedia&parent=5864"}],"wp:term":[{"taxonomy":"category","embeddable":true,"href":"https:\/\/filosofium.evelyne-weissenbach.at\/index.php?rest_route=%2Fwp%2Fv2%2Fcategories&post=5864"},{"taxonomy":"post_tag","embeddable":true,"href":"https:\/\/filosofium.evelyne-weissenbach.at\/index.php?rest_route=%2Fwp%2Fv2%2Ftags&post=5864"}],"curies":[{"name":"wp","href":"https:\/\/api.w.org\/{rel}","templated":true}]}}