{"id":5932,"date":"2019-12-11T11:24:05","date_gmt":"2019-12-11T10:24:05","guid":{"rendered":"http:\/\/filosofium.evelyne-weissenbach.at\/?p=5932"},"modified":"2019-12-11T11:24:06","modified_gmt":"2019-12-11T10:24:06","slug":"11-dezember","status":"publish","type":"post","link":"https:\/\/filosofium.evelyne-weissenbach.at\/?p=5932","title":{"rendered":"11. Dezember"},"content":{"rendered":"\n<p><img loading=\"lazy\" decoding=\"async\" src=\"http:\/\/evelyne-weissenbach.at\/wp-content\/uploads\/2016\/12\/11.jpg\" alt=\"\" width=\"290\" height=\"400\" class=\"alignnone size-full wp-image-1393\"><\/p>\n<p style=\"clear:left\">&nbsp;<\/p>\n<p><span style=\"font-size: 18px; color: #993300;\"><strong>heilige nacht<\/strong><\/span>  <a href=\"http:\/\/evelyne-weissenbach.at\/?attachment_id=1471\" target=\"_blank\" rel=\"noopener noreferrer\"><img loading=\"lazy\" decoding=\"async\" src=\"http:\/\/evelyne-weissenbach.at\/wp-content\/uploads\/2016\/10\/0_button_anhoeren.png\" alt=\"0_button_anhoeren\" width=\"150\" height=\"40\" class=\"alignnone size-full wp-image-771\"><\/a><\/p>\n\n<p>still ist die nacht<br>\nschon lang nicht mehr<br><br>\n\ntr\u00e4gt sie sterne<br>\nunterm hemd der zweisamkeit<br>\nso sind sie aufgemalt<br>\nauf schwarzen lack<br><br>\n\nund nicht auf samt gestickt<br>\naus dem leisen einklang<br>\nder im inneren schwingt<br><br>\n\nein trapez mit lauten lichtern<br>\n\u00fcber unseren k\u00f6pfen<br>\nersetzt die trinit\u00e4t<br><br>\n\nund die jungfrau<br>\ngebiert den menschensohn<br>\nauf dem f\u00f6rderband der kassen<br><br><\/p>\n<p>&nbsp;<\/p>\n","protected":false},"excerpt":{"rendered":"<p>&nbsp; heilige nacht still ist die nacht schon lang nicht mehr tr\u00e4gt sie sterne unterm hemd der zweisamkeit so sind sie aufgemalt auf schwarzen lack und nicht auf samt gestickt aus dem leisen einklang der im inneren schwingt ein trapez mit lauten lichtern \u00fcber unseren k\u00f6pfen ersetzt die trinit\u00e4t und die jungfrau gebiert den menschensohn [&hellip;]<\/p>\n","protected":false},"author":1,"featured_media":0,"comment_status":"open","ping_status":"closed","sticky":false,"template":"","format":"standard","meta":{"jetpack_post_was_ever_published":false,"_jetpack_newsletter_access":"","_jetpack_dont_email_post_to_subs":false,"_jetpack_newsletter_tier_id":0,"_jetpack_memberships_contains_paywalled_content":false,"_jetpack_memberships_contains_paid_content":false,"footnotes":"","jetpack_publicize_message":"","jetpack_publicize_feature_enabled":true,"jetpack_social_post_already_shared":true,"jetpack_social_options":{"image_generator_settings":{"template":"highway","default_image_id":0,"font":"","enabled":false},"version":2}},"categories":[242,9,241],"tags":[520],"class_list":["post-5932","post","type-post","status-publish","format-standard","hentry","category-weihnachtsgedichte-gedichte","category-gedichte-2","category-weihnachten-und-neujahr","tag-weihnacht"],"jetpack_publicize_connections":[],"jetpack_featured_media_url":"","jetpack_shortlink":"https:\/\/wp.me\/p3ZwSb-1xG","jetpack_sharing_enabled":true,"jetpack_likes_enabled":true,"_links":{"self":[{"href":"https:\/\/filosofium.evelyne-weissenbach.at\/index.php?rest_route=\/wp\/v2\/posts\/5932","targetHints":{"allow":["GET"]}}],"collection":[{"href":"https:\/\/filosofium.evelyne-weissenbach.at\/index.php?rest_route=\/wp\/v2\/posts"}],"about":[{"href":"https:\/\/filosofium.evelyne-weissenbach.at\/index.php?rest_route=\/wp\/v2\/types\/post"}],"author":[{"embeddable":true,"href":"https:\/\/filosofium.evelyne-weissenbach.at\/index.php?rest_route=\/wp\/v2\/users\/1"}],"replies":[{"embeddable":true,"href":"https:\/\/filosofium.evelyne-weissenbach.at\/index.php?rest_route=%2Fwp%2Fv2%2Fcomments&post=5932"}],"version-history":[{"count":2,"href":"https:\/\/filosofium.evelyne-weissenbach.at\/index.php?rest_route=\/wp\/v2\/posts\/5932\/revisions"}],"predecessor-version":[{"id":5934,"href":"https:\/\/filosofium.evelyne-weissenbach.at\/index.php?rest_route=\/wp\/v2\/posts\/5932\/revisions\/5934"}],"wp:attachment":[{"href":"https:\/\/filosofium.evelyne-weissenbach.at\/index.php?rest_route=%2Fwp%2Fv2%2Fmedia&parent=5932"}],"wp:term":[{"taxonomy":"category","embeddable":true,"href":"https:\/\/filosofium.evelyne-weissenbach.at\/index.php?rest_route=%2Fwp%2Fv2%2Fcategories&post=5932"},{"taxonomy":"post_tag","embeddable":true,"href":"https:\/\/filosofium.evelyne-weissenbach.at\/index.php?rest_route=%2Fwp%2Fv2%2Ftags&post=5932"}],"curies":[{"name":"wp","href":"https:\/\/api.w.org\/{rel}","templated":true}]}}