{"id":5951,"date":"2019-12-14T15:36:26","date_gmt":"2019-12-14T14:36:26","guid":{"rendered":"http:\/\/filosofium.evelyne-weissenbach.at\/?p=5951"},"modified":"2019-12-14T15:40:08","modified_gmt":"2019-12-14T14:40:08","slug":"14-dezember","status":"publish","type":"post","link":"https:\/\/filosofium.evelyne-weissenbach.at\/?p=5951","title":{"rendered":"14. Dezember"},"content":{"rendered":"\n<p><img loading=\"lazy\" decoding=\"async\" class=\"alignnone size-full wp-image-1396\" src=\"http:\/\/evelyne-weissenbach.at\/wp-content\/uploads\/2016\/12\/14.jpg\" alt=\"\" width=\"290\" height=\"400\"><\/p>\n<p style=\"clear: left;\">&nbsp;<\/p>\n\n<p><span style=\"font-size: 18px; color: #993300;\"><strong>winterkuss<\/strong><\/span>&nbsp; &nbsp;&nbsp; <a href=\"https:\/\/youtu.be\/nMewFX1QvBE\" target=\"_blank\" rel=\"noopener noreferrer\"><img loading=\"lazy\" decoding=\"async\" src=\"http:\/\/evelyne-weissenbach.at\/wp-content\/uploads\/2016\/10\/0_button_anhoeren.png\" alt=\"0_button_anhoeren\" width=\"150\" height=\"40\" class=\"alignnone size-full wp-image-771\"><\/a> &nbsp; &nbsp;<a href=\"https:\/\/youtu.be\/nMewFX1QvBE\" target=\"_blank\" rel=\"noopener noreferrer\"><span style=\"font-size: 17px; color: #993300;\">(im Video ansehen)<\/span><\/a><\/p>\n\n<p>der himmel gl\u00e4nzt<br>\nin grauem perlmutt<br><br>\n\nblassrosa<br>\nh\u00e4ngt die wintersonne<br>\nin den weiden<br><br>\n\nder wein duckt sich<br>\nvor dem winde<br>\nin das winterkleid<br>\nder h\u00e4nge<br><br>\n\nmein schritt<br>\nlegt eine spur<br>\nin unbegangenes wei\u00df<br><br>\n\nunter dem mistelzweig<br>\nerwarte mich<br>\ndein kuss<br><\/p>\n<p>&nbsp;<\/p>\n\n","protected":false},"excerpt":{"rendered":"<p>&nbsp; winterkuss&nbsp; &nbsp;&nbsp; &nbsp; &nbsp;(im Video ansehen) der himmel gl\u00e4nzt in grauem perlmutt blassrosa h\u00e4ngt die wintersonne in den weiden der wein duckt sich vor dem winde in das winterkleid der h\u00e4nge mein schritt legt eine spur in unbegangenes wei\u00df unter dem mistelzweig erwarte mich dein kuss &nbsp;<\/p>\n","protected":false},"author":1,"featured_media":0,"comment_status":"open","ping_status":"closed","sticky":false,"template":"","format":"standard","meta":{"jetpack_post_was_ever_published":false,"_jetpack_newsletter_access":"","_jetpack_dont_email_post_to_subs":false,"_jetpack_newsletter_tier_id":0,"_jetpack_memberships_contains_paywalled_content":false,"_jetpack_memberships_contains_paid_content":false,"footnotes":"","jetpack_publicize_message":"","jetpack_publicize_feature_enabled":true,"jetpack_social_post_already_shared":true,"jetpack_social_options":{"image_generator_settings":{"template":"highway","default_image_id":0,"font":"","enabled":false},"version":2}},"categories":[242,9,241],"tags":[857,1050],"class_list":["post-5951","post","type-post","status-publish","format-standard","hentry","category-weihnachtsgedichte-gedichte","category-gedichte-2","category-weihnachten-und-neujahr","tag-adventkalender","tag-weihnachtsvideo"],"jetpack_publicize_connections":[],"jetpack_featured_media_url":"","jetpack_shortlink":"https:\/\/wp.me\/p3ZwSb-1xZ","jetpack_sharing_enabled":true,"jetpack_likes_enabled":true,"_links":{"self":[{"href":"https:\/\/filosofium.evelyne-weissenbach.at\/index.php?rest_route=\/wp\/v2\/posts\/5951","targetHints":{"allow":["GET"]}}],"collection":[{"href":"https:\/\/filosofium.evelyne-weissenbach.at\/index.php?rest_route=\/wp\/v2\/posts"}],"about":[{"href":"https:\/\/filosofium.evelyne-weissenbach.at\/index.php?rest_route=\/wp\/v2\/types\/post"}],"author":[{"embeddable":true,"href":"https:\/\/filosofium.evelyne-weissenbach.at\/index.php?rest_route=\/wp\/v2\/users\/1"}],"replies":[{"embeddable":true,"href":"https:\/\/filosofium.evelyne-weissenbach.at\/index.php?rest_route=%2Fwp%2Fv2%2Fcomments&post=5951"}],"version-history":[{"count":3,"href":"https:\/\/filosofium.evelyne-weissenbach.at\/index.php?rest_route=\/wp\/v2\/posts\/5951\/revisions"}],"predecessor-version":[{"id":5955,"href":"https:\/\/filosofium.evelyne-weissenbach.at\/index.php?rest_route=\/wp\/v2\/posts\/5951\/revisions\/5955"}],"wp:attachment":[{"href":"https:\/\/filosofium.evelyne-weissenbach.at\/index.php?rest_route=%2Fwp%2Fv2%2Fmedia&parent=5951"}],"wp:term":[{"taxonomy":"category","embeddable":true,"href":"https:\/\/filosofium.evelyne-weissenbach.at\/index.php?rest_route=%2Fwp%2Fv2%2Fcategories&post=5951"},{"taxonomy":"post_tag","embeddable":true,"href":"https:\/\/filosofium.evelyne-weissenbach.at\/index.php?rest_route=%2Fwp%2Fv2%2Ftags&post=5951"}],"curies":[{"name":"wp","href":"https:\/\/api.w.org\/{rel}","templated":true}]}}