{"id":5961,"date":"2019-12-16T09:49:00","date_gmt":"2019-12-16T08:49:00","guid":{"rendered":"http:\/\/filosofium.evelyne-weissenbach.at\/?p=5961"},"modified":"2019-12-15T23:57:43","modified_gmt":"2019-12-15T22:57:43","slug":"16-dezember","status":"publish","type":"post","link":"https:\/\/filosofium.evelyne-weissenbach.at\/?p=5961","title":{"rendered":"16. Dezember"},"content":{"rendered":"\n<p><img loading=\"lazy\" decoding=\"async\" class=\"alignnone size-full wp-image-1398\" src=\"http:\/\/evelyne-weissenbach.at\/wp-content\/uploads\/2016\/12\/16.jpg\" alt=\"\" width=\"290\" height=\"400\"><\/p>\n<p style=\"clear: left;\">&nbsp;<\/p>\n<p><span style=\"font-size: 18px; color: #993300;\"><strong>weihnachtsklang<\/strong><\/span><\/p>\n\n<p>traut tr\u00e4gt der glocke klang<br>\ndas lied der weihnacht<br>\n\u00fcber der d\u00e4cher glitzernd wei\u00df<br><br>\n\nfrieden ward<br>\nals augenblick geboren<br><br>\n\nsteigt still empor<br>\nzum firmament der hoffnung<br>\nflicht einen sternenstrau\u00df<br>\num tiefster t\u00e4ler dunkel<br>\nzu erhellen<br><br>\n\nein summen dringt<br>\nin angstverklebte ohren<br>\naus m\u00fcndern schwillt<br>\nein chor der zuversicht<br><br>\n\nbreitet die arme aus<br>\nund gebt der botschaft heimat<br><br>\n\ntraut tr\u00e4gt der glocke klang<br>\ndie weihnacht<br>\ndann in euer herz<br><\/p>\n<p>&nbsp;<\/p>\n<p>&nbsp;<\/p>\n<p><span style=\"font-size: 14px\">Aus meinem Buch<\/p>\n<p><a href=\"http:\/\/evelyne-weissenbach.at\/was-ist-weihnachten-fuer-mich\/\" target=\"_blank\" rel=\"noopener noreferrer\"><img loading=\"lazy\" decoding=\"async\" src=\"http:\/\/evelyne-weissenbach.at\/wp-content\/uploads\/2016\/09\/300_xm.jpg\" alt=\"was ist weihnachten f\u00fcr mich\" width=\"200\" height=\"200\"><\/a><\/p>\n<p>&nbsp;<\/p>\n","protected":false},"excerpt":{"rendered":"<p>&nbsp; weihnachtsklang traut tr\u00e4gt der glocke klang das lied der weihnacht \u00fcber der d\u00e4cher glitzernd wei\u00df frieden ward als augenblick geboren steigt still empor zum firmament der hoffnung flicht einen sternenstrau\u00df um tiefster t\u00e4ler dunkel zu erhellen ein summen dringt in angstverklebte ohren aus m\u00fcndern schwillt ein chor der zuversicht breitet die arme aus und [&hellip;]<\/p>\n","protected":false},"author":1,"featured_media":0,"comment_status":"open","ping_status":"closed","sticky":false,"template":"","format":"standard","meta":{"jetpack_post_was_ever_published":false,"_jetpack_newsletter_access":"","_jetpack_dont_email_post_to_subs":false,"_jetpack_newsletter_tier_id":0,"_jetpack_memberships_contains_paywalled_content":false,"_jetpack_memberships_contains_paid_content":false,"footnotes":"","jetpack_publicize_message":"","jetpack_publicize_feature_enabled":true,"jetpack_social_post_already_shared":true,"jetpack_social_options":{"image_generator_settings":{"template":"highway","default_image_id":0,"font":"","enabled":false},"version":2}},"categories":[242,9,241],"tags":[39,1052,857],"class_list":["post-5961","post","type-post","status-publish","format-standard","hentry","category-weihnachtsgedichte-gedichte","category-gedichte-2","category-weihnachten-und-neujahr","tag-advent","tag-adventgedicht","tag-adventkalender"],"jetpack_publicize_connections":[],"jetpack_featured_media_url":"","jetpack_shortlink":"https:\/\/wp.me\/p3ZwSb-1y9","jetpack_sharing_enabled":true,"jetpack_likes_enabled":true,"_links":{"self":[{"href":"https:\/\/filosofium.evelyne-weissenbach.at\/index.php?rest_route=\/wp\/v2\/posts\/5961","targetHints":{"allow":["GET"]}}],"collection":[{"href":"https:\/\/filosofium.evelyne-weissenbach.at\/index.php?rest_route=\/wp\/v2\/posts"}],"about":[{"href":"https:\/\/filosofium.evelyne-weissenbach.at\/index.php?rest_route=\/wp\/v2\/types\/post"}],"author":[{"embeddable":true,"href":"https:\/\/filosofium.evelyne-weissenbach.at\/index.php?rest_route=\/wp\/v2\/users\/1"}],"replies":[{"embeddable":true,"href":"https:\/\/filosofium.evelyne-weissenbach.at\/index.php?rest_route=%2Fwp%2Fv2%2Fcomments&post=5961"}],"version-history":[{"count":3,"href":"https:\/\/filosofium.evelyne-weissenbach.at\/index.php?rest_route=\/wp\/v2\/posts\/5961\/revisions"}],"predecessor-version":[{"id":5974,"href":"https:\/\/filosofium.evelyne-weissenbach.at\/index.php?rest_route=\/wp\/v2\/posts\/5961\/revisions\/5974"}],"wp:attachment":[{"href":"https:\/\/filosofium.evelyne-weissenbach.at\/index.php?rest_route=%2Fwp%2Fv2%2Fmedia&parent=5961"}],"wp:term":[{"taxonomy":"category","embeddable":true,"href":"https:\/\/filosofium.evelyne-weissenbach.at\/index.php?rest_route=%2Fwp%2Fv2%2Fcategories&post=5961"},{"taxonomy":"post_tag","embeddable":true,"href":"https:\/\/filosofium.evelyne-weissenbach.at\/index.php?rest_route=%2Fwp%2Fv2%2Ftags&post=5961"}],"curies":[{"name":"wp","href":"https:\/\/api.w.org\/{rel}","templated":true}]}}