{"id":5965,"date":"2019-12-17T15:04:49","date_gmt":"2019-12-17T14:04:49","guid":{"rendered":"http:\/\/filosofium.evelyne-weissenbach.at\/?p=5965"},"modified":"2019-12-17T15:07:22","modified_gmt":"2019-12-17T14:07:22","slug":"17-dezember","status":"publish","type":"post","link":"https:\/\/filosofium.evelyne-weissenbach.at\/?p=5965","title":{"rendered":"17. Dezember"},"content":{"rendered":"\n<p><img loading=\"lazy\" decoding=\"async\" src=\"http:\/\/evelyne-weissenbach.at\/wp-content\/uploads\/2016\/12\/17.jpg\" alt=\"\" width=\"290\" height=\"400\" class=\"alignnone size-full wp-image-1399\"><\/p>\n<p style=\"clear:left\">&nbsp;<\/p>\n<p><span style=\"font-size: 18px; color: #993300;\"><strong>stern der weihnacht<\/strong><\/span>&nbsp; &nbsp; &nbsp;<a href=\"http:\/\/evelyne-weissenbach.at\/?attachment_id=1480\" target=\"_blank\" rel=\"noopener noreferrer\"><img loading=\"lazy\" decoding=\"async\" src=\"http:\/\/evelyne-weissenbach.at\/wp-content\/uploads\/2016\/10\/0_button_anhoeren.png\" alt=\"0_button_anhoeren\" width=\"150\" height=\"40\" class=\"alignnone size-full wp-image-771\"><\/a><\/p>\n\n<p>und dann der stern<br>\nvom himmel f\u00e4llt er<br>\nin meine nacht<br><br>\n\ner w\u00e4rmt mich<br>\nerleuchtet mich<br>\ner liebt mich<br>\nich sp\u00fcre es<br><br>\n\ndann trage ich<br>\nglut in meinem herzen<br>\nf\u00fclle die augen mir<br>\nmit sehen<br><br>\n\ndie h\u00e4nde mit halt<br>\ndie lippen mit atem<br>\nder die welt umf\u00e4ngt<br><br>\n\ngrenzen fallen<br>\nund gottes geburt<br>\nmacht uns<br>\nzu seinen kindern<br><\/p>\n<p>&nbsp;<\/p>\n\n","protected":false},"excerpt":{"rendered":"<p>&nbsp; stern der weihnacht&nbsp; &nbsp; &nbsp; und dann der stern vom himmel f\u00e4llt er in meine nacht er w\u00e4rmt mich erleuchtet mich er liebt mich ich sp\u00fcre es dann trage ich glut in meinem herzen f\u00fclle die augen mir mit sehen die h\u00e4nde mit halt die lippen mit atem der die welt umf\u00e4ngt grenzen fallen [&hellip;]<\/p>\n","protected":false},"author":1,"featured_media":0,"comment_status":"open","ping_status":"closed","sticky":false,"template":"","format":"standard","meta":{"jetpack_post_was_ever_published":false,"_jetpack_newsletter_access":"","_jetpack_dont_email_post_to_subs":false,"_jetpack_newsletter_tier_id":0,"_jetpack_memberships_contains_paywalled_content":false,"_jetpack_memberships_contains_paid_content":false,"footnotes":"","jetpack_publicize_message":"","jetpack_publicize_feature_enabled":true,"jetpack_social_post_already_shared":true,"jetpack_social_options":{"image_generator_settings":{"template":"highway","default_image_id":0,"font":"","enabled":false},"version":2}},"categories":[242,9,241],"tags":[39,857,211],"class_list":["post-5965","post","type-post","status-publish","format-standard","hentry","category-weihnachtsgedichte-gedichte","category-gedichte-2","category-weihnachten-und-neujahr","tag-advent","tag-adventkalender","tag-weihnachtsgedicht"],"jetpack_publicize_connections":[],"jetpack_featured_media_url":"","jetpack_shortlink":"https:\/\/wp.me\/p3ZwSb-1yd","jetpack_sharing_enabled":true,"jetpack_likes_enabled":true,"_links":{"self":[{"href":"https:\/\/filosofium.evelyne-weissenbach.at\/index.php?rest_route=\/wp\/v2\/posts\/5965","targetHints":{"allow":["GET"]}}],"collection":[{"href":"https:\/\/filosofium.evelyne-weissenbach.at\/index.php?rest_route=\/wp\/v2\/posts"}],"about":[{"href":"https:\/\/filosofium.evelyne-weissenbach.at\/index.php?rest_route=\/wp\/v2\/types\/post"}],"author":[{"embeddable":true,"href":"https:\/\/filosofium.evelyne-weissenbach.at\/index.php?rest_route=\/wp\/v2\/users\/1"}],"replies":[{"embeddable":true,"href":"https:\/\/filosofium.evelyne-weissenbach.at\/index.php?rest_route=%2Fwp%2Fv2%2Fcomments&post=5965"}],"version-history":[{"count":3,"href":"https:\/\/filosofium.evelyne-weissenbach.at\/index.php?rest_route=\/wp\/v2\/posts\/5965\/revisions"}],"predecessor-version":[{"id":5968,"href":"https:\/\/filosofium.evelyne-weissenbach.at\/index.php?rest_route=\/wp\/v2\/posts\/5965\/revisions\/5968"}],"wp:attachment":[{"href":"https:\/\/filosofium.evelyne-weissenbach.at\/index.php?rest_route=%2Fwp%2Fv2%2Fmedia&parent=5965"}],"wp:term":[{"taxonomy":"category","embeddable":true,"href":"https:\/\/filosofium.evelyne-weissenbach.at\/index.php?rest_route=%2Fwp%2Fv2%2Fcategories&post=5965"},{"taxonomy":"post_tag","embeddable":true,"href":"https:\/\/filosofium.evelyne-weissenbach.at\/index.php?rest_route=%2Fwp%2Fv2%2Ftags&post=5965"}],"curies":[{"name":"wp","href":"https:\/\/api.w.org\/{rel}","templated":true}]}}