{"id":5992,"date":"2019-12-24T13:57:00","date_gmt":"2019-12-24T12:57:00","guid":{"rendered":"http:\/\/filosofium.evelyne-weissenbach.at\/?p=5992"},"modified":"2019-12-31T11:50:30","modified_gmt":"2019-12-31T10:50:30","slug":"24-dezember","status":"publish","type":"post","link":"https:\/\/filosofium.evelyne-weissenbach.at\/?p=5992","title":{"rendered":"24. Dezember"},"content":{"rendered":"<p><img loading=\"lazy\" decoding=\"async\" class=\"alignnone size-full wp-image-1406\" src=\"http:\/\/evelyne-weissenbach.at\/wp-content\/uploads\/2016\/12\/24.jpg\" alt=\"\" width=\"290\" height=\"400\" \/><\/p>\n<p style=\"clear: left;\">\n<p><span style=\"font-size: 24px; color: #993300;\"><strong>weihnachtsatem<\/strong><\/span>\u00a0 \u00a0<a href=\"http:\/\/evelyne-weissenbach.at\/?attachment_id=1503\" target=\"_blank\" rel=\"noopener noreferrer\"><img loading=\"lazy\" decoding=\"async\" class=\"alignnone size-full wp-image-771\" src=\"http:\/\/evelyne-weissenbach.at\/wp-content\/uploads\/2016\/10\/0_button_anhoeren.png\" alt=\"0_button_anhoeren\" width=\"150\" height=\"40\" \/><\/a><\/p>\n<p>der duft von frieden<br \/>\nbreitet sich<br \/>\n\u00fcber das land<\/p>\n<p>minutenkurz nur<\/p>\n<p>und doch<br \/>\nriecht es nach hoffnung<\/p>\n<p>ein augenblick<br \/>\nder besinnung<br \/>\nstreift \u00fcber die welt<\/p>\n<p>als atemzug<br \/>\nder hl. nacht<\/p>\n<p>* * * * *<\/p>\n<p>Mit diesen hoffnungsvollen Worten bedanke ich mich f\u00fcr eure Begleitung durch die Adventzeit. ich hoffe, ihr habt in meinem Weihnachtstextedorf ein bisschen Stimmung tanken k\u00f6nnen.<br \/>\nUnd nun &#8211; Frohe Weihnachten!<\/p>\n","protected":false},"excerpt":{"rendered":"<p>weihnachtsatem\u00a0 \u00a0 der duft von frieden breitet sich \u00fcber das land minutenkurz nur und doch riecht es nach hoffnung ein augenblick der besinnung streift \u00fcber die welt als atemzug der hl. nacht * * * * * Mit diesen hoffnungsvollen Worten bedanke ich mich f\u00fcr eure Begleitung durch die Adventzeit. ich hoffe, ihr habt in [&hellip;]<\/p>\n","protected":false},"author":1,"featured_media":0,"comment_status":"open","ping_status":"closed","sticky":false,"template":"","format":"standard","meta":{"jetpack_post_was_ever_published":false,"_jetpack_newsletter_access":"","_jetpack_dont_email_post_to_subs":false,"_jetpack_newsletter_tier_id":0,"_jetpack_memberships_contains_paywalled_content":false,"_jetpack_memberships_contains_paid_content":false,"footnotes":"","jetpack_publicize_message":"","jetpack_publicize_feature_enabled":true,"jetpack_social_post_already_shared":true,"jetpack_social_options":{"image_generator_settings":{"template":"highway","default_image_id":0,"font":"","enabled":false},"version":2}},"categories":[242,9,241],"tags":[350,1060,1061],"class_list":["post-5992","post","type-post","status-publish","format-standard","hentry","category-weihnachtsgedichte-gedichte","category-gedichte-2","category-weihnachten-und-neujahr","tag-hl-abend","tag-weihnachtsfrieden","tag-weihnachtshoffnung"],"jetpack_publicize_connections":[],"jetpack_featured_media_url":"","jetpack_shortlink":"https:\/\/wp.me\/p3ZwSb-1yE","jetpack_sharing_enabled":true,"jetpack_likes_enabled":true,"_links":{"self":[{"href":"https:\/\/filosofium.evelyne-weissenbach.at\/index.php?rest_route=\/wp\/v2\/posts\/5992","targetHints":{"allow":["GET"]}}],"collection":[{"href":"https:\/\/filosofium.evelyne-weissenbach.at\/index.php?rest_route=\/wp\/v2\/posts"}],"about":[{"href":"https:\/\/filosofium.evelyne-weissenbach.at\/index.php?rest_route=\/wp\/v2\/types\/post"}],"author":[{"embeddable":true,"href":"https:\/\/filosofium.evelyne-weissenbach.at\/index.php?rest_route=\/wp\/v2\/users\/1"}],"replies":[{"embeddable":true,"href":"https:\/\/filosofium.evelyne-weissenbach.at\/index.php?rest_route=%2Fwp%2Fv2%2Fcomments&post=5992"}],"version-history":[{"count":6,"href":"https:\/\/filosofium.evelyne-weissenbach.at\/index.php?rest_route=\/wp\/v2\/posts\/5992\/revisions"}],"predecessor-version":[{"id":6009,"href":"https:\/\/filosofium.evelyne-weissenbach.at\/index.php?rest_route=\/wp\/v2\/posts\/5992\/revisions\/6009"}],"wp:attachment":[{"href":"https:\/\/filosofium.evelyne-weissenbach.at\/index.php?rest_route=%2Fwp%2Fv2%2Fmedia&parent=5992"}],"wp:term":[{"taxonomy":"category","embeddable":true,"href":"https:\/\/filosofium.evelyne-weissenbach.at\/index.php?rest_route=%2Fwp%2Fv2%2Fcategories&post=5992"},{"taxonomy":"post_tag","embeddable":true,"href":"https:\/\/filosofium.evelyne-weissenbach.at\/index.php?rest_route=%2Fwp%2Fv2%2Ftags&post=5992"}],"curies":[{"name":"wp","href":"https:\/\/api.w.org\/{rel}","templated":true}]}}