{"id":6073,"date":"2020-01-18T17:02:48","date_gmt":"2020-01-18T16:02:48","guid":{"rendered":"http:\/\/filosofium.evelyne-weissenbach.at\/?p=6073"},"modified":"2020-01-18T17:10:18","modified_gmt":"2020-01-18T16:10:18","slug":"wintergaukler","status":"publish","type":"post","link":"https:\/\/filosofium.evelyne-weissenbach.at\/?p=6073","title":{"rendered":"wintergaukler"},"content":{"rendered":"\n<div><img decoding=\"async\" src=\"http:\/\/filosofium.evelyne-weissenbach.at\/wp-content\/uploads\/2020\/01\/54w_135735.jpg\" width=\"540&quot;\" height=\"204&quot;\" alt=\"raureif&quot;\"><p>&nbsp;<\/p><\/div>\n\n\n\n<p>raureifgespinst <br>\nliegt \u00fcber dem land<br><br>\n\nwintergaukler<br><br>\n\nim spitzenkleid<br>\nder feuchten k\u00fchle<br><br>\n\nder wind bei\u00dft<br>\nmir die wangen rot<br><br>\n\ndie tr\u00e4ne glitzert<br>\nwie kristall<br><br>\n\nmein lachen<br>\nschmilzt den frost<br>\nzu gl\u00fcck<br><\/p>\n\n<p>&nbsp;<\/p>\n\u00a9 <span style=\"font-size:12px\">evelyne w. <\/span>\n<p>&nbsp;<\/p>\n","protected":false},"excerpt":{"rendered":"<p>&nbsp; raureifgespinst liegt \u00fcber dem land wintergaukler im spitzenkleid der feuchten k\u00fchle der wind bei\u00dft mir die wangen rot die tr\u00e4ne glitzert wie kristall mein lachen schmilzt den frost zu gl\u00fcck &nbsp; \u00a9 evelyne w. &nbsp;<\/p>\n","protected":false},"author":1,"featured_media":0,"comment_status":"open","ping_status":"closed","sticky":false,"template":"","format":"standard","meta":{"jetpack_post_was_ever_published":false,"_jetpack_newsletter_access":"","_jetpack_dont_email_post_to_subs":false,"_jetpack_newsletter_tier_id":0,"_jetpack_memberships_contains_paywalled_content":false,"_jetpack_memberships_contains_paid_content":false,"footnotes":"","jetpack_publicize_message":"","jetpack_publicize_feature_enabled":true,"jetpack_social_post_already_shared":true,"jetpack_social_options":{"image_generator_settings":{"template":"highway","default_image_id":0,"font":"","enabled":false},"version":2}},"categories":[244,9],"tags":[902,1074,221,1073],"class_list":["post-6073","post","type-post","status-publish","format-standard","hentry","category-neue-heimatgedichte","category-gedichte-2","tag-raureif","tag-weinland-im-winter","tag-weinreben","tag-winterland"],"jetpack_publicize_connections":[],"jetpack_featured_media_url":"","jetpack_shortlink":"https:\/\/wp.me\/p3ZwSb-1zX","jetpack_sharing_enabled":true,"jetpack_likes_enabled":true,"_links":{"self":[{"href":"https:\/\/filosofium.evelyne-weissenbach.at\/index.php?rest_route=\/wp\/v2\/posts\/6073","targetHints":{"allow":["GET"]}}],"collection":[{"href":"https:\/\/filosofium.evelyne-weissenbach.at\/index.php?rest_route=\/wp\/v2\/posts"}],"about":[{"href":"https:\/\/filosofium.evelyne-weissenbach.at\/index.php?rest_route=\/wp\/v2\/types\/post"}],"author":[{"embeddable":true,"href":"https:\/\/filosofium.evelyne-weissenbach.at\/index.php?rest_route=\/wp\/v2\/users\/1"}],"replies":[{"embeddable":true,"href":"https:\/\/filosofium.evelyne-weissenbach.at\/index.php?rest_route=%2Fwp%2Fv2%2Fcomments&post=6073"}],"version-history":[{"count":4,"href":"https:\/\/filosofium.evelyne-weissenbach.at\/index.php?rest_route=\/wp\/v2\/posts\/6073\/revisions"}],"predecessor-version":[{"id":6078,"href":"https:\/\/filosofium.evelyne-weissenbach.at\/index.php?rest_route=\/wp\/v2\/posts\/6073\/revisions\/6078"}],"wp:attachment":[{"href":"https:\/\/filosofium.evelyne-weissenbach.at\/index.php?rest_route=%2Fwp%2Fv2%2Fmedia&parent=6073"}],"wp:term":[{"taxonomy":"category","embeddable":true,"href":"https:\/\/filosofium.evelyne-weissenbach.at\/index.php?rest_route=%2Fwp%2Fv2%2Fcategories&post=6073"},{"taxonomy":"post_tag","embeddable":true,"href":"https:\/\/filosofium.evelyne-weissenbach.at\/index.php?rest_route=%2Fwp%2Fv2%2Ftags&post=6073"}],"curies":[{"name":"wp","href":"https:\/\/api.w.org\/{rel}","templated":true}]}}