{"id":6176,"date":"2020-02-16T16:51:06","date_gmt":"2020-02-16T15:51:06","guid":{"rendered":"http:\/\/filosofium.evelyne-weissenbach.at\/?p=6176"},"modified":"2020-02-17T10:22:25","modified_gmt":"2020-02-17T09:22:25","slug":"6176","status":"publish","type":"post","link":"https:\/\/filosofium.evelyne-weissenbach.at\/?p=6176","title":{"rendered":"bei mir sein"},"content":{"rendered":"\n<p>bei mir sein<br><br>\n\nmich sp\u00fcren<br>\nim atem der natur<br><br>\n\ntrinken<br>\ndie s\u00fc\u00dfe milch <br>\naus dem gef\u00e4\u00df<br>\ndes ichs<br><br>\n\nschreien<br>\naus den tiefen<br>\ndes gl\u00fccks<br><br>\n\nmich aufrichten<br>\nam sinn <br><br>\n\nden nur<br>\nzu leben<br>\ngibt<br><br>\n<\/p>\n<p>&nbsp;<\/p>\n\n\n\n<p>&nbsp;<\/p>\n\u00a9 <span style=\"font-size:12px\">evelyne w. <\/span>\n<p>&nbsp;<\/p>\n","protected":false},"excerpt":{"rendered":"<p>bei mir sein mich sp\u00fcren im atem der natur trinken die s\u00fc\u00dfe milch aus dem gef\u00e4\u00df des ichs schreien aus den tiefen des gl\u00fccks mich aufrichten am sinn den nur zu leben gibt &nbsp; &nbsp; \u00a9 evelyne w. &nbsp;<\/p>\n","protected":false},"author":1,"featured_media":0,"comment_status":"open","ping_status":"closed","sticky":false,"template":"","format":"standard","meta":{"jetpack_post_was_ever_published":false,"_jetpack_newsletter_access":"","_jetpack_dont_email_post_to_subs":false,"_jetpack_newsletter_tier_id":0,"_jetpack_memberships_contains_paywalled_content":false,"_jetpack_memberships_contains_paid_content":false,"footnotes":"","jetpack_publicize_message":"","jetpack_publicize_feature_enabled":true,"jetpack_social_post_already_shared":true,"jetpack_social_options":{"image_generator_settings":{"template":"highway","default_image_id":0,"font":"","enabled":false},"version":2}},"categories":[579,7,9],"tags":[1084,1023,1083],"class_list":["post-6176","post","type-post","status-publish","format-standard","hentry","category-lebensgedichte","category-die-wichtigkeit-des-seins","category-gedichte-2","tag-lebensglueck","tag-lebenssinn","tag-spaziergang"],"jetpack_publicize_connections":[],"jetpack_featured_media_url":"","jetpack_shortlink":"https:\/\/wp.me\/s3ZwSb-6176","jetpack_sharing_enabled":true,"jetpack_likes_enabled":true,"_links":{"self":[{"href":"https:\/\/filosofium.evelyne-weissenbach.at\/index.php?rest_route=\/wp\/v2\/posts\/6176","targetHints":{"allow":["GET"]}}],"collection":[{"href":"https:\/\/filosofium.evelyne-weissenbach.at\/index.php?rest_route=\/wp\/v2\/posts"}],"about":[{"href":"https:\/\/filosofium.evelyne-weissenbach.at\/index.php?rest_route=\/wp\/v2\/types\/post"}],"author":[{"embeddable":true,"href":"https:\/\/filosofium.evelyne-weissenbach.at\/index.php?rest_route=\/wp\/v2\/users\/1"}],"replies":[{"embeddable":true,"href":"https:\/\/filosofium.evelyne-weissenbach.at\/index.php?rest_route=%2Fwp%2Fv2%2Fcomments&post=6176"}],"version-history":[{"count":7,"href":"https:\/\/filosofium.evelyne-weissenbach.at\/index.php?rest_route=\/wp\/v2\/posts\/6176\/revisions"}],"predecessor-version":[{"id":6184,"href":"https:\/\/filosofium.evelyne-weissenbach.at\/index.php?rest_route=\/wp\/v2\/posts\/6176\/revisions\/6184"}],"wp:attachment":[{"href":"https:\/\/filosofium.evelyne-weissenbach.at\/index.php?rest_route=%2Fwp%2Fv2%2Fmedia&parent=6176"}],"wp:term":[{"taxonomy":"category","embeddable":true,"href":"https:\/\/filosofium.evelyne-weissenbach.at\/index.php?rest_route=%2Fwp%2Fv2%2Fcategories&post=6176"},{"taxonomy":"post_tag","embeddable":true,"href":"https:\/\/filosofium.evelyne-weissenbach.at\/index.php?rest_route=%2Fwp%2Fv2%2Ftags&post=6176"}],"curies":[{"name":"wp","href":"https:\/\/api.w.org\/{rel}","templated":true}]}}