{"id":6352,"date":"2020-04-02T22:48:00","date_gmt":"2020-04-02T20:48:00","guid":{"rendered":"http:\/\/filosofium.evelyne-weissenbach.at\/?p=6352"},"modified":"2020-04-02T23:10:58","modified_gmt":"2020-04-02T21:10:58","slug":"erfahrung-in-tagen-der-einkehr","status":"publish","type":"post","link":"https:\/\/filosofium.evelyne-weissenbach.at\/?p=6352","title":{"rendered":"erfahrung in tagen der einkehr"},"content":{"rendered":"\n<p>im au\u00dfen liegen grenzen<br>\nim innen gibt es keine<br><br>\n\nim au\u00dfen mehren sich trennungen<br>\nim innen bleibt die verbundenheit<br><br>\n\nim au\u00dfen ist die sicht begrenzt<br>\nim innen sieht man hinter den horizont<br><br>\n\nim au\u00dfen w\u00e4chst die soziale k\u00e4lte<br>\nim innen \u00f6ffnen sich h\u00e4nde<br>\nan der unl\u00f6schbaren flamme der liebe<br><\/p>\n\n\n\n<p>&nbsp;<\/p>\n","protected":false},"excerpt":{"rendered":"<p>im au\u00dfen liegen grenzen im innen gibt es keine im au\u00dfen mehren sich trennungen im innen bleibt die verbundenheit im au\u00dfen ist die sicht begrenzt im innen sieht man hinter den horizont im au\u00dfen w\u00e4chst die soziale k\u00e4lte im innen \u00f6ffnen sich h\u00e4nde an der unl\u00f6schbaren flamme der liebe &nbsp;<\/p>\n","protected":false},"author":1,"featured_media":0,"comment_status":"open","ping_status":"closed","sticky":false,"template":"","format":"standard","meta":{"jetpack_post_was_ever_published":false,"_jetpack_newsletter_access":"","_jetpack_dont_email_post_to_subs":false,"_jetpack_newsletter_tier_id":0,"_jetpack_memberships_contains_paywalled_content":false,"_jetpack_memberships_contains_paid_content":false,"footnotes":"","jetpack_publicize_message":"","jetpack_publicize_feature_enabled":true,"jetpack_social_post_already_shared":true,"jetpack_social_options":{"image_generator_settings":{"template":"highway","default_image_id":0,"font":"","enabled":false},"version":2}},"categories":[7,9,231],"tags":[1106,1107,1105,499],"class_list":["post-6352","post","type-post","status-publish","format-standard","hentry","category-die-wichtigkeit-des-seins","category-gedichte-2","category-humanitares","tag-grenzen","tag-horizont","tag-isolation","tag-trennung"],"jetpack_publicize_connections":[],"jetpack_featured_media_url":"","jetpack_shortlink":"https:\/\/wp.me\/p3ZwSb-1Es","jetpack_sharing_enabled":true,"jetpack_likes_enabled":true,"_links":{"self":[{"href":"https:\/\/filosofium.evelyne-weissenbach.at\/index.php?rest_route=\/wp\/v2\/posts\/6352","targetHints":{"allow":["GET"]}}],"collection":[{"href":"https:\/\/filosofium.evelyne-weissenbach.at\/index.php?rest_route=\/wp\/v2\/posts"}],"about":[{"href":"https:\/\/filosofium.evelyne-weissenbach.at\/index.php?rest_route=\/wp\/v2\/types\/post"}],"author":[{"embeddable":true,"href":"https:\/\/filosofium.evelyne-weissenbach.at\/index.php?rest_route=\/wp\/v2\/users\/1"}],"replies":[{"embeddable":true,"href":"https:\/\/filosofium.evelyne-weissenbach.at\/index.php?rest_route=%2Fwp%2Fv2%2Fcomments&post=6352"}],"version-history":[{"count":2,"href":"https:\/\/filosofium.evelyne-weissenbach.at\/index.php?rest_route=\/wp\/v2\/posts\/6352\/revisions"}],"predecessor-version":[{"id":6354,"href":"https:\/\/filosofium.evelyne-weissenbach.at\/index.php?rest_route=\/wp\/v2\/posts\/6352\/revisions\/6354"}],"wp:attachment":[{"href":"https:\/\/filosofium.evelyne-weissenbach.at\/index.php?rest_route=%2Fwp%2Fv2%2Fmedia&parent=6352"}],"wp:term":[{"taxonomy":"category","embeddable":true,"href":"https:\/\/filosofium.evelyne-weissenbach.at\/index.php?rest_route=%2Fwp%2Fv2%2Fcategories&post=6352"},{"taxonomy":"post_tag","embeddable":true,"href":"https:\/\/filosofium.evelyne-weissenbach.at\/index.php?rest_route=%2Fwp%2Fv2%2Ftags&post=6352"}],"curies":[{"name":"wp","href":"https:\/\/api.w.org\/{rel}","templated":true}]}}