{"id":6389,"date":"2023-04-07T08:43:00","date_gmt":"2023-04-07T06:43:00","guid":{"rendered":"http:\/\/filosofium.evelyne-weissenbach.at\/?p=6389"},"modified":"2023-04-06T22:46:48","modified_gmt":"2023-04-06T20:46:48","slug":"auf-dem-kreuzweg","status":"publish","type":"post","link":"https:\/\/filosofium.evelyne-weissenbach.at\/?p=6389","title":{"rendered":"Auf dem Kreuzweg"},"content":{"rendered":"\n<p><a href=\"https:\/\/youtu.be\/GHmLCVU2miI\" target=\"_blank\" rel=\"noopener noreferrer\"><img loading=\"lazy\" decoding=\"async\" src=\"http:\/\/filosofium.evelyne-weissenbach.at\/wp-content\/uploads\/2020\/04\/200410_karfreitag.jpg\" width=\"580\" height=\"432\" alt=\"auf dem kreuzweg\" title=\"auf dem kreuzweg\"><\/a>\n\n<p>&nbsp;<\/p>\n\n<p>es tr\u00e4gt die zeit<br>\ndas kreuz<br><br>\n\nbeugt sich unter<br>\nseiner last<br>\nst\u00fcrzt in den schlamm<br>\naus sand und blut<br>\nder wunden<br><br>\n\ndie jene<br>\nder erde schlugen<br>\ndie sie gei\u00dfeln<br>\nmit der unverfrorenheit<br>\nobsz\u00f6ner schreie<br>\nnach der macht<br><br>\n\nein opferfest<br>\nbricht an mit<br>\ntanz auf kahlen h\u00fcgeln<br>\njohlender menge<br>\nim gelichterkleid<br><br>\n\nwird sich das grab<br>\nauch diesmal leeren<br>\ndie menschheit<br>\n<em> &#8211; wie oft noch &#8211; <\/em><br>\nzu erretten<br>\n<p>&nbsp;<\/p>\n<em>\u00a9 evelyne w.<\/em>\n\n<p>&nbsp;<\/p>\n","protected":false},"excerpt":{"rendered":"<p>&nbsp; es tr\u00e4gt die zeit das kreuz beugt sich unter seiner last st\u00fcrzt in den schlamm aus sand und blut der wunden die jene der erde schlugen die sie gei\u00dfeln mit der unverfrorenheit obsz\u00f6ner schreie nach der macht ein opferfest bricht an mit tanz auf kahlen h\u00fcgeln johlender menge im gelichterkleid wird sich das grab [&hellip;]<\/p>\n","protected":false},"author":1,"featured_media":0,"comment_status":"open","ping_status":"closed","sticky":false,"template":"","format":"standard","meta":{"jetpack_post_was_ever_published":false,"_jetpack_newsletter_access":"","_jetpack_dont_email_post_to_subs":false,"_jetpack_newsletter_tier_id":0,"_jetpack_memberships_contains_paywalled_content":false,"_jetpack_memberships_contains_paid_content":false,"footnotes":"","jetpack_publicize_message":"","jetpack_publicize_feature_enabled":true,"jetpack_social_post_already_shared":true,"jetpack_social_options":{"image_generator_settings":{"template":"highway","default_image_id":0,"font":"","enabled":false},"version":2}},"categories":[9,36,11,29],"tags":[116],"class_list":["post-6389","post","type-post","status-publish","format-standard","hentry","category-gedichte-2","category-dunkle-gedichte","category-hortexte","category-videos","tag-kreuzigung"],"jetpack_publicize_connections":[],"jetpack_featured_media_url":"","jetpack_shortlink":"https:\/\/wp.me\/p3ZwSb-1F3","jetpack_sharing_enabled":true,"jetpack_likes_enabled":true,"_links":{"self":[{"href":"https:\/\/filosofium.evelyne-weissenbach.at\/index.php?rest_route=\/wp\/v2\/posts\/6389","targetHints":{"allow":["GET"]}}],"collection":[{"href":"https:\/\/filosofium.evelyne-weissenbach.at\/index.php?rest_route=\/wp\/v2\/posts"}],"about":[{"href":"https:\/\/filosofium.evelyne-weissenbach.at\/index.php?rest_route=\/wp\/v2\/types\/post"}],"author":[{"embeddable":true,"href":"https:\/\/filosofium.evelyne-weissenbach.at\/index.php?rest_route=\/wp\/v2\/users\/1"}],"replies":[{"embeddable":true,"href":"https:\/\/filosofium.evelyne-weissenbach.at\/index.php?rest_route=%2Fwp%2Fv2%2Fcomments&post=6389"}],"version-history":[{"count":3,"href":"https:\/\/filosofium.evelyne-weissenbach.at\/index.php?rest_route=\/wp\/v2\/posts\/6389\/revisions"}],"predecessor-version":[{"id":6392,"href":"https:\/\/filosofium.evelyne-weissenbach.at\/index.php?rest_route=\/wp\/v2\/posts\/6389\/revisions\/6392"}],"wp:attachment":[{"href":"https:\/\/filosofium.evelyne-weissenbach.at\/index.php?rest_route=%2Fwp%2Fv2%2Fmedia&parent=6389"}],"wp:term":[{"taxonomy":"category","embeddable":true,"href":"https:\/\/filosofium.evelyne-weissenbach.at\/index.php?rest_route=%2Fwp%2Fv2%2Fcategories&post=6389"},{"taxonomy":"post_tag","embeddable":true,"href":"https:\/\/filosofium.evelyne-weissenbach.at\/index.php?rest_route=%2Fwp%2Fv2%2Ftags&post=6389"}],"curies":[{"name":"wp","href":"https:\/\/api.w.org\/{rel}","templated":true}]}}