{"id":6459,"date":"2020-05-04T12:41:17","date_gmt":"2020-05-04T10:41:17","guid":{"rendered":"http:\/\/filosofium.evelyne-weissenbach.at\/?p=6459"},"modified":"2020-05-04T12:53:26","modified_gmt":"2020-05-04T10:53:26","slug":"denken-ist-meine-lieblingsbeschaeftigung","status":"publish","type":"post","link":"https:\/\/filosofium.evelyne-weissenbach.at\/?p=6459","title":{"rendered":"Gedankeng\u00e4nge"},"content":{"rendered":"\n<p>Denken ist meine Lieblingsbesch\u00e4ftigung. Ich liebe es zu beobachten. Das Innen, das Au\u00dfen. Zusammenh\u00e4nge herzustellen. Wirkung zu durchschauen. Das Zusammenspiel der Wirkung auf mich zu ergr\u00fcnden. Schl\u00fcsse zu ziehen. Mich zu erkennen. Die Auseinandersetzung mit dem, was mir widerf\u00e4hrt. Dann Zusammenh\u00e4nge zu verstehen. Und wieder: im Innen und im Au\u00dfen.<br>\nMich einerseits dem Gef\u00fchl hingeben zu k\u00f6nnen, es aber andererseits auch im Denken nachvollziehen zu k\u00f6nnen.<br><br>\nSp\u00fcren ist die Grundlage meines Lebens, meine Leidenschaft.<br>  \nDenken ist eine andere Qualit\u00e4t. Die Qualit\u00e4t der Aktion, des Erfassenk\u00f6nnes. <br><br> \nGef\u00fchl ist keine Besch\u00e4ftigung. Gef\u00fchl ist in uns vorhanden. Man braucht es nur anzunehmen. Es ist auch nicht zu ver\u00e4ndern. Es ist einfach da. Und es kommt nur darauf an, was man davon zul\u00e4sst.<br> <br>\nGedanken sind erzeugt. Man kann sie formen. Man kann sie durch Lernen erweitern, durch Fantasien befl\u00fcgeln. Und man kann sie auch f\u00fcr sich behalten.<br><br> \nSchreiberlinge, wie ich, tun das allerdings selten <img loading=\"lazy\" decoding=\"async\" src=\"http:\/\/www.hs-verlage.at\/00_smilies\/15fuedilue.gif\" width=\"22\" height=\"16\" alt=\"f\u00fcdil\u00fc\"> <\/p>\n<p>&nbsp;<\/p>\n","protected":false},"excerpt":{"rendered":"<p>Denken ist meine Lieblingsbesch\u00e4ftigung. Ich liebe es zu beobachten. Das Innen, das Au\u00dfen. Zusammenh\u00e4nge herzustellen. Wirkung zu durchschauen. Das Zusammenspiel der Wirkung auf mich zu ergr\u00fcnden. Schl\u00fcsse zu ziehen. Mich zu erkennen. Die Auseinandersetzung mit dem, was mir widerf\u00e4hrt. Dann Zusammenh\u00e4nge zu verstehen. Und wieder: im Innen und im Au\u00dfen. Mich einerseits dem Gef\u00fchl hingeben [&hellip;]<\/p>\n","protected":false},"author":1,"featured_media":0,"comment_status":"open","ping_status":"closed","sticky":false,"template":"","format":"standard","meta":{"jetpack_post_was_ever_published":false,"_jetpack_newsletter_access":"","_jetpack_dont_email_post_to_subs":false,"_jetpack_newsletter_tier_id":0,"_jetpack_memberships_contains_paywalled_content":false,"_jetpack_memberships_contains_paid_content":false,"footnotes":"","jetpack_publicize_message":"","jetpack_publicize_feature_enabled":true,"jetpack_social_post_already_shared":true,"jetpack_social_options":{"image_generator_settings":{"template":"highway","default_image_id":0,"font":"","enabled":false},"version":2}},"categories":[7,229,233],"tags":[697,1124],"class_list":["post-6459","post","type-post","status-publish","format-standard","hentry","category-die-wichtigkeit-des-seins","category-gedanken-uber","category-kolumne-2","tag-gedanken","tag-geist"],"jetpack_publicize_connections":[],"jetpack_featured_media_url":"","jetpack_shortlink":"https:\/\/wp.me\/p3ZwSb-1Gb","jetpack_sharing_enabled":true,"jetpack_likes_enabled":true,"_links":{"self":[{"href":"https:\/\/filosofium.evelyne-weissenbach.at\/index.php?rest_route=\/wp\/v2\/posts\/6459","targetHints":{"allow":["GET"]}}],"collection":[{"href":"https:\/\/filosofium.evelyne-weissenbach.at\/index.php?rest_route=\/wp\/v2\/posts"}],"about":[{"href":"https:\/\/filosofium.evelyne-weissenbach.at\/index.php?rest_route=\/wp\/v2\/types\/post"}],"author":[{"embeddable":true,"href":"https:\/\/filosofium.evelyne-weissenbach.at\/index.php?rest_route=\/wp\/v2\/users\/1"}],"replies":[{"embeddable":true,"href":"https:\/\/filosofium.evelyne-weissenbach.at\/index.php?rest_route=%2Fwp%2Fv2%2Fcomments&post=6459"}],"version-history":[{"count":9,"href":"https:\/\/filosofium.evelyne-weissenbach.at\/index.php?rest_route=\/wp\/v2\/posts\/6459\/revisions"}],"predecessor-version":[{"id":6470,"href":"https:\/\/filosofium.evelyne-weissenbach.at\/index.php?rest_route=\/wp\/v2\/posts\/6459\/revisions\/6470"}],"wp:attachment":[{"href":"https:\/\/filosofium.evelyne-weissenbach.at\/index.php?rest_route=%2Fwp%2Fv2%2Fmedia&parent=6459"}],"wp:term":[{"taxonomy":"category","embeddable":true,"href":"https:\/\/filosofium.evelyne-weissenbach.at\/index.php?rest_route=%2Fwp%2Fv2%2Fcategories&post=6459"},{"taxonomy":"post_tag","embeddable":true,"href":"https:\/\/filosofium.evelyne-weissenbach.at\/index.php?rest_route=%2Fwp%2Fv2%2Ftags&post=6459"}],"curies":[{"name":"wp","href":"https:\/\/api.w.org\/{rel}","templated":true}]}}