{"id":6566,"date":"2020-06-27T16:45:33","date_gmt":"2020-06-27T14:45:33","guid":{"rendered":"https:\/\/filosofium.evelyne-weissenbach.at\/?p=6566"},"modified":"2020-06-27T16:45:35","modified_gmt":"2020-06-27T14:45:35","slug":"wenn-ich-die-tage-reime","status":"publish","type":"post","link":"https:\/\/filosofium.evelyne-weissenbach.at\/?p=6566","title":{"rendered":"wenn ich die tage reime"},"content":{"rendered":"\n<p>wenn ich die tage reime<br>\nschreibe ich ein gedicht<br>\nvon der liebe die mich umgibt<br><br>\n\nvon der luft<br>\ndie mir den atem schenkt<br>\nder sch\u00f6nheit<br>\ndie mir ins auge flie\u00dft<br><br>\n\nvon der umarmung<br>\nmit der mich mein leben umf\u00e4ngt<br>\nder freude<br>\ndie meine gedanken h\u00fcpfen l\u00e4sst<br>\nund mein gesicht<br>\nmit einem l\u00e4cheln schm\u00fcckt<br><br>\n\nvon der liebe<br>\ndie mir auch die augen daf\u00fcr \u00f6ffnet<br>\num mir menschen zu zeigen<br>\nin ihrer not<br><br>\n\nmir tr\u00e4nen gibt<br>\nund gedanken der sorge<br><br>\n\nund meinem tun<br>\nden sinn des lebens erkl\u00e4rt<br><\/p>\n<p>&nbsp;<\/p>\n","protected":false},"excerpt":{"rendered":"<p>wenn ich die tage reime schreibe ich ein gedicht von der liebe die mich umgibt von der luft die mir den atem schenkt der sch\u00f6nheit die mir ins auge flie\u00dft von der umarmung mit der mich mein leben umf\u00e4ngt der freude die meine gedanken h\u00fcpfen l\u00e4sst und mein gesicht mit einem l\u00e4cheln schm\u00fcckt von der [&hellip;]<\/p>\n","protected":false},"author":1,"featured_media":0,"comment_status":"open","ping_status":"closed","sticky":false,"template":"","format":"standard","meta":{"jetpack_post_was_ever_published":false,"_jetpack_newsletter_access":"","_jetpack_dont_email_post_to_subs":false,"_jetpack_newsletter_tier_id":0,"_jetpack_memberships_contains_paywalled_content":false,"_jetpack_memberships_contains_paid_content":false,"footnotes":"","jetpack_publicize_message":"","jetpack_publicize_feature_enabled":true,"jetpack_social_post_already_shared":true,"jetpack_social_options":{"image_generator_settings":{"template":"highway","default_image_id":0,"font":"","enabled":false},"version":2}},"categories":[579,9],"tags":[1146,1145,978],"class_list":["post-6566","post","type-post","status-publish","format-standard","hentry","category-lebensgedichte","category-gedichte-2","tag-reime","tag-sinn-des-lebens","tag-umarmung"],"jetpack_publicize_connections":[],"jetpack_featured_media_url":"","jetpack_shortlink":"https:\/\/wp.me\/p3ZwSb-1HU","jetpack_sharing_enabled":true,"jetpack_likes_enabled":true,"_links":{"self":[{"href":"https:\/\/filosofium.evelyne-weissenbach.at\/index.php?rest_route=\/wp\/v2\/posts\/6566","targetHints":{"allow":["GET"]}}],"collection":[{"href":"https:\/\/filosofium.evelyne-weissenbach.at\/index.php?rest_route=\/wp\/v2\/posts"}],"about":[{"href":"https:\/\/filosofium.evelyne-weissenbach.at\/index.php?rest_route=\/wp\/v2\/types\/post"}],"author":[{"embeddable":true,"href":"https:\/\/filosofium.evelyne-weissenbach.at\/index.php?rest_route=\/wp\/v2\/users\/1"}],"replies":[{"embeddable":true,"href":"https:\/\/filosofium.evelyne-weissenbach.at\/index.php?rest_route=%2Fwp%2Fv2%2Fcomments&post=6566"}],"version-history":[{"count":1,"href":"https:\/\/filosofium.evelyne-weissenbach.at\/index.php?rest_route=\/wp\/v2\/posts\/6566\/revisions"}],"predecessor-version":[{"id":6567,"href":"https:\/\/filosofium.evelyne-weissenbach.at\/index.php?rest_route=\/wp\/v2\/posts\/6566\/revisions\/6567"}],"wp:attachment":[{"href":"https:\/\/filosofium.evelyne-weissenbach.at\/index.php?rest_route=%2Fwp%2Fv2%2Fmedia&parent=6566"}],"wp:term":[{"taxonomy":"category","embeddable":true,"href":"https:\/\/filosofium.evelyne-weissenbach.at\/index.php?rest_route=%2Fwp%2Fv2%2Fcategories&post=6566"},{"taxonomy":"post_tag","embeddable":true,"href":"https:\/\/filosofium.evelyne-weissenbach.at\/index.php?rest_route=%2Fwp%2Fv2%2Ftags&post=6566"}],"curies":[{"name":"wp","href":"https:\/\/api.w.org\/{rel}","templated":true}]}}