{"id":657,"date":"2011-10-04T20:07:53","date_gmt":"2011-10-04T18:07:53","guid":{"rendered":"http:\/\/filosofium.wordpress.com\/?p=657"},"modified":"2011-10-04T20:07:53","modified_gmt":"2011-10-04T18:07:53","slug":"in-der-umarmung-des-vergessens-xv","status":"publish","type":"post","link":"https:\/\/filosofium.evelyne-weissenbach.at\/?p=657","title":{"rendered":"In der Umarmung des Vergessens XV."},"content":{"rendered":"<p>&nbsp;<\/p>\n<p><font size=\"3\"><strong>Die einzige Antwort <\/strong><\/p>\n<p>Ich f\u00fchle mich. Hilflos. Ich kann sie nicht beaufsichtigen. Nicht einsperren.<br \/>\nNicht besch\u00fctzen. Vor sich selbst. Vor all dem, das sie nicht mehr wei\u00df.<br \/>\nDie Hilflosigkeit zerrt. An meiner Geduld. Mit ihr.<\/p>\n<p>Sie beugt sich nicht mehr. Geht ihren Weg.<br \/>\nUnbeeindruckt. Vom Gebot. Von jeder Bitte. Unbeeindruckt von Gefahr.<\/p>\n<p>Warum? H\u00f6rt sie denn nicht? Sieht sie denn nicht? Tut sie denn nicht?<br \/>\nDoch Warum ist keine Frage. Die man an diese Krankheit stellen kann.<br \/>\nUnd die einzige Antwort ist: Die Umarmung des Vergessens.<\/p>\n<p><\/font><\/p>\n<p>&nbsp;<\/p>\n","protected":false},"excerpt":{"rendered":"<p>&nbsp; Die einzige Antwort Ich f\u00fchle mich. Hilflos. Ich kann sie nicht beaufsichtigen. Nicht einsperren. Nicht besch\u00fctzen. Vor sich selbst. Vor all dem, das sie nicht mehr wei\u00df. Die Hilflosigkeit zerrt. An meiner Geduld. Mit ihr. Sie beugt sich nicht mehr. Geht ihren Weg. Unbeeindruckt. Vom Gebot. Von jeder Bitte. Unbeeindruckt von Gefahr. Warum? H\u00f6rt [&hellip;]<\/p>\n","protected":false},"author":2,"featured_media":0,"comment_status":"open","ping_status":"open","sticky":false,"template":"","format":"standard","meta":{"jetpack_post_was_ever_published":false,"_jetpack_newsletter_access":"","_jetpack_dont_email_post_to_subs":false,"_jetpack_newsletter_tier_id":0,"_jetpack_memberships_contains_paywalled_content":false,"_jetpack_memberships_contains_paid_content":false,"footnotes":"","jetpack_publicize_message":"","jetpack_publicize_feature_enabled":true,"jetpack_social_post_already_shared":false,"jetpack_social_options":{"image_generator_settings":{"template":"highway","default_image_id":0,"font":"","enabled":false},"version":2}},"categories":[4,14],"tags":[49,64,65,73,77,112,120,131,143,144,161,169,170,181,182,184,202],"class_list":["post-657","post","type-post","status-publish","format-standard","hentry","category-dementia-in-miniatures","category-in-der-umarmung-des-vergessens","tag-alzheimer","tag-bewusstmachung","tag-bewusstsein","tag-defizite","tag-demenz","tag-kolumne","tag-lebenshilfe","tag-literatur","tag-mutterbindung","tag-mutterliebe","tag-philosophie","tag-psychologie","tag-psychologisches-training","tag-selbsterkenntnis","tag-selbsthilfe","tag-selbstliebe","tag-vergesslichkeit"],"jetpack_publicize_connections":[],"jetpack_featured_media_url":"","jetpack_shortlink":"https:\/\/wp.me\/p3ZwSb-aB","jetpack_sharing_enabled":true,"jetpack_likes_enabled":true,"_links":{"self":[{"href":"https:\/\/filosofium.evelyne-weissenbach.at\/index.php?rest_route=\/wp\/v2\/posts\/657","targetHints":{"allow":["GET"]}}],"collection":[{"href":"https:\/\/filosofium.evelyne-weissenbach.at\/index.php?rest_route=\/wp\/v2\/posts"}],"about":[{"href":"https:\/\/filosofium.evelyne-weissenbach.at\/index.php?rest_route=\/wp\/v2\/types\/post"}],"author":[{"embeddable":true,"href":"https:\/\/filosofium.evelyne-weissenbach.at\/index.php?rest_route=\/wp\/v2\/users\/2"}],"replies":[{"embeddable":true,"href":"https:\/\/filosofium.evelyne-weissenbach.at\/index.php?rest_route=%2Fwp%2Fv2%2Fcomments&post=657"}],"version-history":[{"count":0,"href":"https:\/\/filosofium.evelyne-weissenbach.at\/index.php?rest_route=\/wp\/v2\/posts\/657\/revisions"}],"wp:attachment":[{"href":"https:\/\/filosofium.evelyne-weissenbach.at\/index.php?rest_route=%2Fwp%2Fv2%2Fmedia&parent=657"}],"wp:term":[{"taxonomy":"category","embeddable":true,"href":"https:\/\/filosofium.evelyne-weissenbach.at\/index.php?rest_route=%2Fwp%2Fv2%2Fcategories&post=657"},{"taxonomy":"post_tag","embeddable":true,"href":"https:\/\/filosofium.evelyne-weissenbach.at\/index.php?rest_route=%2Fwp%2Fv2%2Ftags&post=657"}],"curies":[{"name":"wp","href":"https:\/\/api.w.org\/{rel}","templated":true}]}}