{"id":6587,"date":"2020-07-08T16:33:00","date_gmt":"2020-07-08T14:33:00","guid":{"rendered":"https:\/\/filosofium.evelyne-weissenbach.at\/?p=6587"},"modified":"2020-07-11T16:45:10","modified_gmt":"2020-07-11T14:45:10","slug":"experten-gibts-fuer-eh-alles","status":"publish","type":"post","link":"https:\/\/filosofium.evelyne-weissenbach.at\/?p=6587","title":{"rendered":"Experten gibts f\u00fcr eh alles"},"content":{"rendered":"<p>Nun, ich bin keine Expertin, aber ich lese nat\u00fcrlich hin und wieder sogenannte Expertenmeinungen, bzw. Statements oder Empfehlungen irgendwelcher Institutionen.<br \/>\nDie widersprechen einander andauernd, also ziehe ich das f\u00fcr meine Meinung eigentlich dann nicht heran.<br \/>\nIch schau mich einfach um.<\/p>\n<p>&nbsp;<\/p>\n<p><b>Die Zahlen<\/b><br \/>\nIch schaue auf die Zahlen, die ver\u00f6ffentlicht werden und kann darin keinerlei Aussagekraft entdecken. Es wird nichts differenziert und auch nichts in Relation gebracht. Wenn in Wien mit 2 Millionen Menschen pl\u00f6tzlich 100 F\u00e4lle auftreten (Infektionen, nicht Krankheitsf\u00e4lle!), und f\u00fcr diese dann noch ein Cluster mit 60 Infizierten zust\u00e4ndig ist, dann kann ich den &#8222;Hotspot&#8220; nicht erkennen. Es w\u00fcrde sicher anders auschauen, wenn bei mir im Ort mit ca. 2.500 Bewohnern 100 F\u00e4lle auftreten w\u00fcrden. Doch auch da w\u00e4re es wohl eher einem Cluster zuzuordnen, als dass sich die Leute im Supermarkt oder auf einer Parkbank angesteckt haben.<\/p>\n<p>Weiters dann <b>die Ma\u00dfnahmen.<\/b><br \/>\nIch m\u00f6chte jetzt gar nicht von den strengen der ersten Wochen wieder anfangen, die teilweise sowas von krass und menschenverachtend waren, dass ich eben nicht mehr dar\u00fcber diskutieren m\u00f6chte. Weil es einfach nicht m\u00f6glich ist.<\/p>\n<p>Jetzt sind wir ja bei der <b>Lockerung.<\/b><br \/>\nWenn ich Facebook aufmache, sehe ich andauernd Bilder von irgendwelchen Zusammenk\u00fcnften, wo nicht ein Fuzerl vom Einhalten von Abstand zu sehen ist &#8211; allen voran unsere Politiker und Prominenten. Aber ich lese auch bei etlichen &#8222;Freunden&#8220; wie sehr sie f\u00fcr die Einhaltung der Ma\u00dfnahmen sind, und nat\u00fcrlich f\u00fcr die Beibehaltung der Masken. Ihre Bilder zeigen aber dann ganz anderes. F\u00fcr sie selber gilt das alles anscheinend nicht.<\/p>\n<p><b>Masken.<\/b><br \/>\nDie Forderung nach Masken ist f\u00fcr mich sowieso das Kurioseste \u00fcberhaupt.<br \/>\nAngeblich sch\u00fctzt die Maske in erster Linie die anderen. Und da treten nat\u00fcrlich dann alle gern als besonders verantwortungsbewusst auf, weil sie &#8222;die anderen&#8220; sch\u00fctzen. Nur frage ich mich, wovor sie diese sch\u00fctzen. Sind die denn alle krank? Bei ca. 1.000 Erkrankten und meinetwegen nehmen wir noch die 18.000 positiv Getesteten dazu.<br \/>\nWer aber nicht krank ist, kann logischerweise auch keinen anstecken, oder?<\/p>\n<p>Und von denen die so \u00e4ngstlich auf die Maske pochen, ist sicher keiner krank, denn w\u00fcrden die nur ein winziges Symptomerl entdecken, w\u00fcrden sie sofort auf \u201cdie anderen\u201d vergessen und sich ihrer eigenen Infektion zuwenden. Und wenn sie verantwortungsvoll sind, nicht mehr unter die Leute gehen.<br \/>\nIch also z.b. bin mit Sicherheit nicht krank und auch nicht infiziert. Woher ich das wei\u00df?<br \/>\nWo immer man etwas liest \u00fcber Infizierte, so werden die einfach 2 Wochen nach Hause in Quarant\u00e4ne geschickt. Die \u00f6ffentlichen Personen tauchen nach ein paar Tagen wieder in der \u00d6ffentlichkeit auf und tun, als w\u00e4re nichts gewesen. Wahrscheinlich war ja auch nichts wirklich gef\u00e4hrliches.<br \/>\nIch also war sozusagen 8 Wochen in Quarant\u00e4ne, gehe nach wie vor nicht auf gro\u00dfe Veranstaltungen und meide Orte, wo Gedr\u00e4nge zu erwarten ist. Ich achte auf Abstand, wo immer ich hingehe, schmuse niemanden ab und die Hygiene ist sowieso ein Bestandteil meines Lebens.<\/p>\n<p>Also bitte, wozu soll jemand von mir eine Maske einfordern? Und wieso bin ich verantwortungslos, bzw. eine Lebensgef\u00e4hrderin?<\/p>\n<p>W\u00fcrde die Maske die Leut selber sch\u00fctzen, ok. Dann bin ich sofort daf\u00fcr, sie zu tragen. Niemals werde ich jemandem raten, eine solche Maske nicht zu tragen. \u00dcbrigens auch nicht denen, die irgendwelche Fetzerl aus irgendwelchen Gr\u00fcnden tragen. Sowas w\u00fcrde ich mir nie anma\u00dfen. Wenn einer will, soll er. Aber ich? Wieso ma\u00dfen sich andere an, von mir eine zu verlangen?<\/p>\n<p>Dann schau ich mir die Maskentr\u00e4ger an. Ich glaube, nicht einmal 10 % der Leute gehen mit den Masken richtig um. Die einen tragen sie am Hirn, die anderen am Kinn, die anderen wuzeln sie aus dem Hosensack. Von der Frische der Masken ganz zu schweigen.<\/p>\n<p>Im Supermarkt sind es gerade die, die mir dann auf den Ar** gehen, im wahrsten Sinne des Wortes, denn sie dr\u00e4ngen sich an der Kasse nah an meine R\u00fcckseite. Abstandsregeln gelten f\u00fcr sie nicht, sie tragen ja ihre ganze Verantwortung als Maske &#8230; Nun gut, ich denke dann, sollen sie mir das Virus dann eben in den Hintern blasen, diese r\u00fccksichtsvollen um andere so sehr besorgten Personen. Was soll mir letztendlich geschehen, wenn mir einer da hinten das Virus durch seine Maske in den R\u00fccken schleudert. Es wird mir wohl nicht \u00fcber die Schulter kriechen.<\/p>\n<p>Ja, aber nicht b\u00f6se sein, die alle sch\u00fctzen weder sich selbst damit, und schon gar nicht &#8222;die anderen&#8220;.<\/p>\n<p><b>Strenge Auflagen<\/b><br \/>\nwerden propagiert. F\u00fcr die Superm\u00e4rkte, f\u00fcr die Hotels und ich wei\u00df nicht, f\u00fcr wen noch.<br \/>\nDie Desinfektionsmittelspender bei den Superm\u00e4rkten sind meistens leer. Grad dass vor dem Supermarkt manchmal ein Flaschl steht, um die Wagerl einzuspr\u00fchen. Andere Ma\u00dfnahmen kann ich nicht erkennen.<\/p>\n<p>Hotels. Ich habe einiges in Hotels zu tun. Gut, in den Hotels ist es schon so, dass etwas mehr Aufwand betrieben wird, das gebe ich zu. F\u00fcr die Betreiber geht es aber auch um ihr Gesch\u00e4ft.<\/p>\n<p>Doch unter den G\u00e4sten gibt\u2019s keinerlei erkennbare \u00c4nderung des Verhaltens. Die Desinfektionsmittelspender h\u00e4ngen ziemlich unbeachtet in den Anlagen herum. Auf den Liegen r\u00e4keln sich die Leut weiterhin nebeneinander, vornehmlich in den R\u00e4umen. Im Garten teilen sie sich eh auf \u2026<br \/>\nIm Restaurant sitzt man sowieso an seinem Tisch und der Abstand ist sonst auch nicht geringer, wenn es ein einigerma\u00dfen komfortables Hotel ist. Das Personal tr\u00e4gt Gesichtsschilder. Am Buffet gibt es kein Brot, das wird vorgelegt, aber sonst kann man alles selbst holen.<\/p>\n<p>Nun sehen wir dann auch noch die Bilder, wo sich Leute in B\u00e4dern, an Str\u00e4nden, in Einkaufsstra\u00dfen oder sonstwo dr\u00e4ngen. Wir hatten eine Demonstration mit gesch\u00e4tzten 50.000 Teilnehmern, usw.<br \/>\nNat\u00fcrlich h\u00f6re ich jetzt schon die meisten schreien: Weil die Leute eben so unvern\u00fcnftig sind, wird die n\u00e4chste Welle kommen.<\/p>\n<p>Aha.<br \/>\nAber m\u00fcsste die nicht schon da sein? Auf jeden Fall m\u00fcssten die Zahlen bei diesen Verhaltensformen der Gesellschaft ja schon ins Uferlose gestiegen sein. Denn das geht schon l\u00e4nger als 2 Wochen so!<br \/>\nBitte, was brauche ich daf\u00fcr Expertenmeinungen? Und Zahlen, die nicht aussagekr\u00e4ftig sind? Weil sie nichts \u00fcber die Kranken aussagen, wie schwer die Krankheit auftritt.<br \/>\nDie Zahlen f\u00fcr in Spit\u00e4lern und gar Intensivstationen behandelte Personen fallen aber st\u00e4ndig, oder sind zumindest stabil niedrig.<\/p>\n<p>Nach wie vor sage ich, Ma\u00dfnahmen ja, aber bitte die richtigen. Penetrantere Aufkl\u00e4rung dahingehend, dass die Leute auf ihre eigene Gesundheit achten und wie sie das tun k\u00f6nnen und Millardenfluss, um das Gesundheitswesen auf \u00e4hnliche kommende F\u00e4lle vorzubereiten.<br \/>\nDenn die Horrorzahlen erreichen uns vornehmlich aus L\u00e4ndern, wo das Gesundheitswesen im Keller schimmelt. Und sind deshalb f\u00fcr mich nicht zum Vergleich heranziehbar.<\/p>\n<p>Wenn jemand nicht erkennen will, dass es hier um Angst geht und sonst um gar nichts &#8211; wobei ich auch nicht mehr \u00fcber die Hintergr\u00fcnde diskutieren will, warum diese Angst auch noch gesch\u00fcrt wird, auch das ist fruchtlos &#8211; dem kann ich leider nicht helfen. Der muss sich halt weiter f\u00fcrchten, anstatt seine Energie f\u00fcr seine Gesundheit und ein intaktes Immunsystem zu verwenden.<\/p>\n<p>Und wenn jemand glaubt, aus diesen Zeilen herauslesen zu m\u00fcssen, dass ich Corona nicht f\u00fcr gef\u00e4hrlich halte, was sehr wohl einen besonderen Umgang miteinander einfordert, oder mir die Erkrankten oder Toten egal sind, dann kann ich ihm leider auch nicht helfen.<br \/>\nIch sage nur: so ist es absolut nicht! Ich lasse mich nur nicht gern vor irgendjemandes Denkw\u00e4gelchen spannen.<\/p>\n<p>&nbsp;<\/p>\n","protected":false},"excerpt":{"rendered":"<p>Nun, ich bin keine Expertin, aber ich lese nat\u00fcrlich hin und wieder sogenannte Expertenmeinungen, bzw. Statements oder Empfehlungen irgendwelcher Institutionen. Die widersprechen einander andauernd, also ziehe ich das f\u00fcr meine Meinung eigentlich dann nicht heran. Ich schau mich einfach um. &nbsp; Die Zahlen Ich schaue auf die Zahlen, die ver\u00f6ffentlicht werden und kann darin keinerlei [&hellip;]<\/p>\n","protected":false},"author":1,"featured_media":0,"comment_status":"open","ping_status":"closed","sticky":false,"template":"","format":"standard","meta":{"jetpack_post_was_ever_published":false,"_jetpack_newsletter_access":"","_jetpack_dont_email_post_to_subs":false,"_jetpack_newsletter_tier_id":0,"_jetpack_memberships_contains_paywalled_content":false,"_jetpack_memberships_contains_paid_content":false,"footnotes":"","jetpack_publicize_message":"","jetpack_publicize_feature_enabled":true,"jetpack_social_post_already_shared":true,"jetpack_social_options":{"image_generator_settings":{"template":"highway","default_image_id":0,"font":"","enabled":false},"version":2}},"categories":[7,233],"tags":[1131,1135,1150],"class_list":["post-6587","post","type-post","status-publish","format-standard","hentry","category-die-wichtigkeit-des-seins","category-kolumne-2","tag-corona","tag-maskenpflicht","tag-mns"],"jetpack_publicize_connections":[],"jetpack_featured_media_url":"","jetpack_shortlink":"https:\/\/wp.me\/p3ZwSb-1If","jetpack_sharing_enabled":true,"jetpack_likes_enabled":true,"_links":{"self":[{"href":"https:\/\/filosofium.evelyne-weissenbach.at\/index.php?rest_route=\/wp\/v2\/posts\/6587","targetHints":{"allow":["GET"]}}],"collection":[{"href":"https:\/\/filosofium.evelyne-weissenbach.at\/index.php?rest_route=\/wp\/v2\/posts"}],"about":[{"href":"https:\/\/filosofium.evelyne-weissenbach.at\/index.php?rest_route=\/wp\/v2\/types\/post"}],"author":[{"embeddable":true,"href":"https:\/\/filosofium.evelyne-weissenbach.at\/index.php?rest_route=\/wp\/v2\/users\/1"}],"replies":[{"embeddable":true,"href":"https:\/\/filosofium.evelyne-weissenbach.at\/index.php?rest_route=%2Fwp%2Fv2%2Fcomments&post=6587"}],"version-history":[{"count":6,"href":"https:\/\/filosofium.evelyne-weissenbach.at\/index.php?rest_route=\/wp\/v2\/posts\/6587\/revisions"}],"predecessor-version":[{"id":6593,"href":"https:\/\/filosofium.evelyne-weissenbach.at\/index.php?rest_route=\/wp\/v2\/posts\/6587\/revisions\/6593"}],"wp:attachment":[{"href":"https:\/\/filosofium.evelyne-weissenbach.at\/index.php?rest_route=%2Fwp%2Fv2%2Fmedia&parent=6587"}],"wp:term":[{"taxonomy":"category","embeddable":true,"href":"https:\/\/filosofium.evelyne-weissenbach.at\/index.php?rest_route=%2Fwp%2Fv2%2Fcategories&post=6587"},{"taxonomy":"post_tag","embeddable":true,"href":"https:\/\/filosofium.evelyne-weissenbach.at\/index.php?rest_route=%2Fwp%2Fv2%2Ftags&post=6587"}],"curies":[{"name":"wp","href":"https:\/\/api.w.org\/{rel}","templated":true}]}}