{"id":6594,"date":"2020-07-11T17:49:53","date_gmt":"2020-07-11T15:49:53","guid":{"rendered":"https:\/\/filosofium.evelyne-weissenbach.at\/?p=6594"},"modified":"2020-07-23T22:17:59","modified_gmt":"2020-07-23T20:17:59","slug":"fussstapfen","status":"publish","type":"post","link":"https:\/\/filosofium.evelyne-weissenbach.at\/?p=6594","title":{"rendered":"fu\u00dfstapfen"},"content":{"rendered":"\n<p>meinen fu\u00dfstapfen<br> auf deinem boden<br> folge ich in die weite <br> der gedanken<br><br> die sich n\u00e4hren<br> von dem gr\u00fcn<br>  das du in meine augen streust<br> von blicken in die freiheit<br><br> von den d\u00fcften der reben<br> die aus satter furche steigen<br> vom jubilieren<br> das \u00fcber das land weht<br><br> vom streicheln des windes<br> auf meinem gesicht<br> der ein jauchzen<br> von meinen lippen holt<br><br> fest ist mein schritt<br> so fest wie der weg<br> den du<br> vor mich legst<\/p>\n\n\n\n<p>&nbsp;<\/p>\n<img decoding=\"async\" src=\"https:\/\/filosofium.evelyne-weissenbach.at\/wp-content\/uploads\/2020\/07\/58w_133640.jpg\" width=\"580&quot;\" height=\"326\" alt=\"fussstapfen\" title=\"fu\u00dfstapfen\">\n<p>&nbsp;<\/p>\n\n\n\n<p>&nbsp;<\/p>\n","protected":false},"excerpt":{"rendered":"<p>meinen fu\u00dfstapfen auf deinem boden folge ich in die weite der gedanken die sich n\u00e4hren von dem gr\u00fcn das du in meine augen streust von blicken in die freiheit von den d\u00fcften der reben die aus satter furche steigen vom jubilieren das \u00fcber das land weht vom streicheln des windes auf meinem gesicht der ein [&hellip;]<\/p>\n","protected":false},"author":1,"featured_media":0,"comment_status":"open","ping_status":"closed","sticky":false,"template":"","format":"standard","meta":{"jetpack_post_was_ever_published":false,"_jetpack_newsletter_access":"","_jetpack_dont_email_post_to_subs":false,"_jetpack_newsletter_tier_id":0,"_jetpack_memberships_contains_paywalled_content":false,"_jetpack_memberships_contains_paid_content":false,"footnotes":"","jetpack_publicize_message":"","jetpack_publicize_feature_enabled":true,"jetpack_social_post_already_shared":true,"jetpack_social_options":{"image_generator_settings":{"template":"highway","default_image_id":0,"font":"","enabled":false},"version":2}},"categories":[244,9,1099],"tags":[220],"class_list":["post-6594","post","type-post","status-publish","format-standard","hentry","category-neue-heimatgedichte","category-gedichte-2","category-spaziergaenge-2020","tag-weinberg"],"jetpack_publicize_connections":[],"jetpack_featured_media_url":"","jetpack_shortlink":"https:\/\/wp.me\/p3ZwSb-1Im","jetpack_sharing_enabled":true,"jetpack_likes_enabled":true,"_links":{"self":[{"href":"https:\/\/filosofium.evelyne-weissenbach.at\/index.php?rest_route=\/wp\/v2\/posts\/6594","targetHints":{"allow":["GET"]}}],"collection":[{"href":"https:\/\/filosofium.evelyne-weissenbach.at\/index.php?rest_route=\/wp\/v2\/posts"}],"about":[{"href":"https:\/\/filosofium.evelyne-weissenbach.at\/index.php?rest_route=\/wp\/v2\/types\/post"}],"author":[{"embeddable":true,"href":"https:\/\/filosofium.evelyne-weissenbach.at\/index.php?rest_route=\/wp\/v2\/users\/1"}],"replies":[{"embeddable":true,"href":"https:\/\/filosofium.evelyne-weissenbach.at\/index.php?rest_route=%2Fwp%2Fv2%2Fcomments&post=6594"}],"version-history":[{"count":6,"href":"https:\/\/filosofium.evelyne-weissenbach.at\/index.php?rest_route=\/wp\/v2\/posts\/6594\/revisions"}],"predecessor-version":[{"id":6676,"href":"https:\/\/filosofium.evelyne-weissenbach.at\/index.php?rest_route=\/wp\/v2\/posts\/6594\/revisions\/6676"}],"wp:attachment":[{"href":"https:\/\/filosofium.evelyne-weissenbach.at\/index.php?rest_route=%2Fwp%2Fv2%2Fmedia&parent=6594"}],"wp:term":[{"taxonomy":"category","embeddable":true,"href":"https:\/\/filosofium.evelyne-weissenbach.at\/index.php?rest_route=%2Fwp%2Fv2%2Fcategories&post=6594"},{"taxonomy":"post_tag","embeddable":true,"href":"https:\/\/filosofium.evelyne-weissenbach.at\/index.php?rest_route=%2Fwp%2Fv2%2Ftags&post=6594"}],"curies":[{"name":"wp","href":"https:\/\/api.w.org\/{rel}","templated":true}]}}