{"id":6731,"date":"2020-09-18T13:55:25","date_gmt":"2020-09-18T11:55:25","guid":{"rendered":"https:\/\/filosofium.evelyne-weissenbach.at\/?p=6731"},"modified":"2020-09-18T17:40:33","modified_gmt":"2020-09-18T15:40:33","slug":"unmoeglich","status":"publish","type":"post","link":"https:\/\/filosofium.evelyne-weissenbach.at\/?p=6731","title":{"rendered":"unm\u00f6glich"},"content":{"rendered":"\n<p>bilder, die sich unter die haut brennen<br>\nund dort nie vergehen<br>\nsich in tr\u00e4umen herumw\u00e4lzen<br>\nkeine worte hervorbringen<br>\nund sich dennoch ausdr\u00fccken m\u00fcssen<br>\nweil es unm\u00f6glich ist sie zu beschreiben<br><br>\n\nschreie, die bilder mit blut f\u00e4rben<br>\nund seen der angst blickdicht machen<br>\ndie ufer der tr\u00e4ume \u00fcberfluten<br>\nund sich \u00fcber die tage ergie\u00dfen<br>\nweil es unm\u00f6glich ist zu verstummen<br><br>\n\ntr\u00e4nen, deren salz<br>\nimmer wieder<br>\ndie offenen wunden der hilflosigkeit vereitert<br>\nweil es unm\u00f6glich ist sie zu heilen<br>\n<\/p>\n<p>&nbsp;<\/p>\n\n\n\n<p>&nbsp;<\/p>\n","protected":false},"excerpt":{"rendered":"<p>bilder, die sich unter die haut brennen und dort nie vergehen sich in tr\u00e4umen herumw\u00e4lzen keine worte hervorbringen und sich dennoch ausdr\u00fccken m\u00fcssen weil es unm\u00f6glich ist sie zu beschreiben schreie, die bilder mit blut f\u00e4rben und seen der angst blickdicht machen die ufer der tr\u00e4ume \u00fcberfluten und sich \u00fcber die tage ergie\u00dfen weil es [&hellip;]<\/p>\n","protected":false},"author":1,"featured_media":0,"comment_status":"open","ping_status":"closed","sticky":false,"template":"","format":"standard","meta":{"jetpack_post_was_ever_published":false,"_jetpack_newsletter_access":"","_jetpack_dont_email_post_to_subs":false,"_jetpack_newsletter_tier_id":0,"_jetpack_memberships_contains_paywalled_content":false,"_jetpack_memberships_contains_paid_content":false,"footnotes":"","jetpack_publicize_message":"","jetpack_publicize_feature_enabled":true,"jetpack_social_post_already_shared":true,"jetpack_social_options":{"image_generator_settings":{"template":"highway","default_image_id":0,"font":"","enabled":false},"version":2}},"categories":[36,9,231],"tags":[1173,1171,1172],"class_list":["post-6731","post","type-post","status-publish","format-standard","hentry","category-dunkle-gedichte","category-gedichte-2","category-humanitares","tag-hungernde-kinder","tag-schreie","tag-traenen"],"jetpack_publicize_connections":[],"jetpack_featured_media_url":"","jetpack_shortlink":"https:\/\/wp.me\/p3ZwSb-1Kz","jetpack_sharing_enabled":true,"jetpack_likes_enabled":true,"_links":{"self":[{"href":"https:\/\/filosofium.evelyne-weissenbach.at\/index.php?rest_route=\/wp\/v2\/posts\/6731","targetHints":{"allow":["GET"]}}],"collection":[{"href":"https:\/\/filosofium.evelyne-weissenbach.at\/index.php?rest_route=\/wp\/v2\/posts"}],"about":[{"href":"https:\/\/filosofium.evelyne-weissenbach.at\/index.php?rest_route=\/wp\/v2\/types\/post"}],"author":[{"embeddable":true,"href":"https:\/\/filosofium.evelyne-weissenbach.at\/index.php?rest_route=\/wp\/v2\/users\/1"}],"replies":[{"embeddable":true,"href":"https:\/\/filosofium.evelyne-weissenbach.at\/index.php?rest_route=%2Fwp%2Fv2%2Fcomments&post=6731"}],"version-history":[{"count":9,"href":"https:\/\/filosofium.evelyne-weissenbach.at\/index.php?rest_route=\/wp\/v2\/posts\/6731\/revisions"}],"predecessor-version":[{"id":6741,"href":"https:\/\/filosofium.evelyne-weissenbach.at\/index.php?rest_route=\/wp\/v2\/posts\/6731\/revisions\/6741"}],"wp:attachment":[{"href":"https:\/\/filosofium.evelyne-weissenbach.at\/index.php?rest_route=%2Fwp%2Fv2%2Fmedia&parent=6731"}],"wp:term":[{"taxonomy":"category","embeddable":true,"href":"https:\/\/filosofium.evelyne-weissenbach.at\/index.php?rest_route=%2Fwp%2Fv2%2Fcategories&post=6731"},{"taxonomy":"post_tag","embeddable":true,"href":"https:\/\/filosofium.evelyne-weissenbach.at\/index.php?rest_route=%2Fwp%2Fv2%2Ftags&post=6731"}],"curies":[{"name":"wp","href":"https:\/\/api.w.org\/{rel}","templated":true}]}}