{"id":6783,"date":"2020-11-15T01:09:00","date_gmt":"2020-11-15T00:09:00","guid":{"rendered":"https:\/\/filosofium.evelyne-weissenbach.at\/?p=6783"},"modified":"2020-11-17T01:16:06","modified_gmt":"2020-11-17T00:16:06","slug":"suendenboecke-gefunden","status":"publish","type":"post","link":"https:\/\/filosofium.evelyne-weissenbach.at\/?p=6783","title":{"rendered":"S\u00fcndenb\u00f6cke gefunden"},"content":{"rendered":"\n\n<p>Wieder ist es so weit, dass ich auf meine Senftube dr\u00fccken muss, auch wenn ich wei\u00df, dass das sinnlos wie ein Kropf ist. Aber sonst krieg ich einen ebensolchen. Und das ist auch nicht Sinn der Sache.<br><br>\n\nIm Augenblick regt mich n\u00e4mlich am meisten die S\u00fcndenbockmentalit\u00e4t meiner Mitmenschen auf.<br>\nEs sind angeblich die Leute schuld, dass wir einen Lockdown haben. Weil sich alle nicht halten \u2026<br>\nErstens halten sich nicht &#8222;alle&#8220; nicht an die Ma\u00dfnahmen und zweitens sind die Ma\u00dfnahmen einfach falsch.<br>\nBeziehungsweise ist die Richtung falsch, aus der sie angesetzt werden.<br><br>\n\nWir m\u00fcssen lernen, MIT dem Virus zu leben. Lernen, so damit umzugehen, dass wir den gr\u00f6\u00dftm\u00f6glichen Schutz f\u00fcr unser Leben erreichen.<br>\nWenn man die Situation von dieser Richtung andenkt, h\u00e4tten sich andere Ma\u00dfnahmen ergeben, die aber mit Sicherheit wesentlich effizienter gegriffen h\u00e4tten.<br><br>\n\nVon der F\u00fchrung meines Staates h\u00e4tte ich mir gew\u00fcnscht, dass sie mich auf den Umgang vorbereitet und vor den Folgen sch\u00fctzt, so gut es m\u00f6glich ist. Doch unsere Regierung gaukelt uns vor, dass wir uns nur an die Ma\u00dfnahmen zu halten haben und dann wird das Virus irgendwann im Kanal versinken und wir k\u00f6nnen unser Leben wieder aufnehmen wie vorher.<br>\nUnd wenn wir das nicht tun, dann du, du, du, dann werden wir zur Strafe in die Ecke geschickt. Dann kommt n\u00e4mlich der b\u00f6se Lockdown und wenn wir dann noch nicht brav genug sind, m\u00fcssen wir auf Holzscheiteln knien, die aus Spitalsbettenknappheit bestehen.<br>\nDoch &#8211; Es wird nie wieder sein wie vorher. Wer das glaubt, ist ein hoffnungsloser Tr\u00e4umer.<br><br>\n\nWie wir leicht erkennen k\u00f6nnen, hat unsere Regierung also einen anderen Weg eingeschlagen. Und dass dies die halbe Welt ebenso tut, macht es um keinen Deut besser. Es war noch nie etwas richtig und wahr, weil viele Menschen es getan oder gefordert haben. Da braucht man nur ein paar Jahrzehnterln zur\u00fcckdenken. Aber auch die Gegenwart gibt gen\u00fcgend Beispiel daf\u00fcr her.<br><\/p>\n\n<p>Unsere regierenden Politiker agieren mit Angstmache, Verboten und Strafenma\u00dfnahmen. Und sie geben die Verantwortung an die Getreuen weiter.\nN\u00e4mlich an jene, die leider nicht mit der ganzen ihnen an sich zur Verf\u00fcgung stehenden Gehirnmasse denken k\u00f6nnen. Denn ehrlich, sonst h\u00e4tten sie sie wohl auch gar nicht gew\u00e4hlt, denn Inhalte hatten sie keine in ihren Wahlkampf eingebunden, nur Parolen.\n<br><br>\nBevor wieder jemand schimpft, wie ich denn die Leute als dumm bezeichnen kann (das d\u00fcrfen n\u00e4mlich nur die Schuldzuweiser), f\u00fcr die m\u00f6chte ich aus einem fr\u00fcheren Post von mir zitieren:<br><br>\n\n<blockquote class=\"wp-embedded-content\" data-secret=\"fse4AqKCV3\"><a href=\"https:\/\/filosofium.evelyne-weissenbach.at\/?p=6696\">Wer sind sie?<\/a><\/blockquote><iframe loading=\"lazy\" class=\"wp-embedded-content\" sandbox=\"allow-scripts\" security=\"restricted\" style=\"position: absolute; clip: rect(1px, 1px, 1px, 1px);\" title=\"&#8222;Wer sind sie?&#8220; &#8212; lintschis filosofium\" src=\"https:\/\/filosofium.evelyne-weissenbach.at\/?p=6696&#038;embed=true#?secret=ilvxmwvk8O#?secret=fse4AqKCV3\" data-secret=\"fse4AqKCV3\" width=\"600\" height=\"338\" frameborder=\"0\" marginwidth=\"0\" marginheight=\"0\" scrolling=\"no\"><\/iframe>\n<br><br>\n\n<p>Von all diesen Leuten wird nun pl\u00f6tzlich Selbstverantwortung und F\u00fcrsorge f\u00fcr die Anderen und die Umwelt verlangt. Und ich sehe es so, dass dieses Ansinnen nur von Realit\u00e4tsverweigerern kommen kann.<br>\nDas hei\u00dft, es h\u00e4tten Ma\u00dfnahmen getroffen werden m\u00fcssen, die dieser Masse den Einfluss nimmt.<br>\nDas wurde nicht getan und nun werden die armen Schweine als S\u00fcndenb\u00f6cke an den Pranger gestellt und nicht diejenigen zur Verantwortung gezogen, die das auch tats\u00e4chlich zu verantworten haben. Das finde ich sowas von letztklassig, dass mir eben besagter Kropf ins Wachsen kam.<br><br>\n\nAbschlie\u00dfend m\u00f6chte ich noch etwas anmerken:<br>\nWir haben wochenlange Maskenpflicht hinter uns, 2 Wochen Ausgangsbeschr\u00e4nkung, Gastronomie und Kulturverbote, auch Besuchsverbote, und was wei\u00df ich nicht alles, und die Zahlen gehen durch den Plafond, dass man gar nicht so schnell schauen kann. Und das sollen wirklich die paar Leut sein, die sich nicht an die Ma\u00dfnahmen halten? Selbst wenn es ein Prozentsatz von 10 % sein sollte \u2026<br>\nLeider muss ich n\u00e4mlich auch noch darauf hinweisen, dass die Leut, die sich zu Tausenden in der vergangenen Woche zu einer M\u00f6belmarkt-Er\u00f6ffnung dr\u00e4ngten, glauben, dass sie sich an die Ma\u00dfnahmen halten! <br>\nWeil sie sich ja in der erlaubten Zeit bewegten, au\u00dferdem eh ein Fetzerl umbanden (das halt leider keinerlei Nutzen hat, weil es keine Schutzmaske ist, aber so von der Regierung verlangt wird) und weil sie ja eh permanent auf die anderen schimpfen, die diese nicht tragen.<br><br>\n\nUnd die Zahlen sind von dieser Gro\u00dfveranstaltung noch nicht betroffen! Also da ist schon vorher was schiefgelaufen!<br><\/p>\n<p>&nbsp;<\/p>\n\n\n","protected":false},"excerpt":{"rendered":"<p>Wieder ist es so weit, dass ich auf meine Senftube dr\u00fccken muss, auch wenn ich wei\u00df, dass das sinnlos wie ein Kropf ist. Aber sonst krieg ich einen ebensolchen. Und das ist auch nicht Sinn der Sache. Im Augenblick regt mich n\u00e4mlich am meisten die S\u00fcndenbockmentalit\u00e4t meiner Mitmenschen auf. Es sind angeblich die Leute schuld, [&hellip;]<\/p>\n","protected":false},"author":1,"featured_media":0,"comment_status":"open","ping_status":"closed","sticky":false,"template":"","format":"standard","meta":{"jetpack_post_was_ever_published":false,"_jetpack_newsletter_access":"","_jetpack_dont_email_post_to_subs":false,"_jetpack_newsletter_tier_id":0,"_jetpack_memberships_contains_paywalled_content":false,"_jetpack_memberships_contains_paid_content":false,"footnotes":"","jetpack_publicize_message":"","jetpack_publicize_feature_enabled":true,"jetpack_social_post_already_shared":true,"jetpack_social_options":{"image_generator_settings":{"template":"highway","default_image_id":0,"font":"","enabled":false},"version":2}},"categories":[233],"tags":[1180,1164],"class_list":["post-6783","post","type-post","status-publish","format-standard","hentry","category-kolumne-2","tag-schuldzuweisungen","tag-verantwortungslosigkeit"],"jetpack_publicize_connections":[],"jetpack_featured_media_url":"","jetpack_shortlink":"https:\/\/wp.me\/p3ZwSb-1Lp","jetpack_sharing_enabled":true,"jetpack_likes_enabled":true,"_links":{"self":[{"href":"https:\/\/filosofium.evelyne-weissenbach.at\/index.php?rest_route=\/wp\/v2\/posts\/6783","targetHints":{"allow":["GET"]}}],"collection":[{"href":"https:\/\/filosofium.evelyne-weissenbach.at\/index.php?rest_route=\/wp\/v2\/posts"}],"about":[{"href":"https:\/\/filosofium.evelyne-weissenbach.at\/index.php?rest_route=\/wp\/v2\/types\/post"}],"author":[{"embeddable":true,"href":"https:\/\/filosofium.evelyne-weissenbach.at\/index.php?rest_route=\/wp\/v2\/users\/1"}],"replies":[{"embeddable":true,"href":"https:\/\/filosofium.evelyne-weissenbach.at\/index.php?rest_route=%2Fwp%2Fv2%2Fcomments&post=6783"}],"version-history":[{"count":10,"href":"https:\/\/filosofium.evelyne-weissenbach.at\/index.php?rest_route=\/wp\/v2\/posts\/6783\/revisions"}],"predecessor-version":[{"id":6793,"href":"https:\/\/filosofium.evelyne-weissenbach.at\/index.php?rest_route=\/wp\/v2\/posts\/6783\/revisions\/6793"}],"wp:attachment":[{"href":"https:\/\/filosofium.evelyne-weissenbach.at\/index.php?rest_route=%2Fwp%2Fv2%2Fmedia&parent=6783"}],"wp:term":[{"taxonomy":"category","embeddable":true,"href":"https:\/\/filosofium.evelyne-weissenbach.at\/index.php?rest_route=%2Fwp%2Fv2%2Fcategories&post=6783"},{"taxonomy":"post_tag","embeddable":true,"href":"https:\/\/filosofium.evelyne-weissenbach.at\/index.php?rest_route=%2Fwp%2Fv2%2Ftags&post=6783"}],"curies":[{"name":"wp","href":"https:\/\/api.w.org\/{rel}","templated":true}]}}