{"id":689,"date":"2011-10-13T14:06:34","date_gmt":"2011-10-13T12:06:34","guid":{"rendered":"http:\/\/filosofium.wordpress.com\/?p=689"},"modified":"2011-10-13T14:06:34","modified_gmt":"2011-10-13T12:06:34","slug":"in-der-umarmung-des-alters-iii","status":"publish","type":"post","link":"https:\/\/filosofium.evelyne-weissenbach.at\/?p=689","title":{"rendered":"In der Umarmung des Alters III."},"content":{"rendered":"<p>&nbsp;<\/p>\n<p><font size=\"3\"><strong>Paradiesisch <\/strong><\/p>\n<p>Nichts mehr zu m\u00fcssen.<br \/>\nEin paradiesischer Zustand. Der nur von wenigen erkannt wird. Ich verstehe das nicht. Ich genie\u00dfe.<br \/>\nEin Leben lang habe ich gearbeitet. F\u00fcr andere. F\u00fcr mich. An mir.<br \/>\nJetzt ernte ich.<br \/>\nNat\u00fcrlich habe ich es gut. Ich war nie Sportlerin. Ein Manko in fr\u00fcheren Jahren. Heute nicht mehr.<br \/>\nUnd mein K\u00f6rper dankt es mir.<br \/>\nApropos K\u00f6rper. Ich liebe meinen K\u00f6rper. Endlich. Fr\u00fcher und noch fr\u00fcher waren alle sch\u00f6ner. Waren alle schlanker. Dachte ich. Heute nicht mehr. Heute denke ich.<br \/>\nHeute sehe ich aus, wie man in meiner Altersgruppe aussieht. Vielleicht entspannter als so viele. 5 Jahre mehr. 5 Jahre weniger. Oder gar 10? Wen interessiert&#8217;s? Ich habe nicht verloren. Die anderen schon. <\/p>\n<p>Gedanken habe ich mir gemacht. Viele. Immer geforscht. Immer gesucht. Oft wurde ich daf\u00fcr bel\u00e4chelt. Heute l\u00e4chle ich. Meine Gedanken haben mir Wege gezeigt.<br \/>\nDas Alter zu genie\u00dfen. In innerer Jugend. Nicht in \u00e4u\u00dferer.<\/p>\n<p><\/font><\/p>\n<p>&nbsp;<\/p>\n","protected":false},"excerpt":{"rendered":"<p>&nbsp; Paradiesisch Nichts mehr zu m\u00fcssen. Ein paradiesischer Zustand. Der nur von wenigen erkannt wird. Ich verstehe das nicht. Ich genie\u00dfe. Ein Leben lang habe ich gearbeitet. F\u00fcr andere. F\u00fcr mich. An mir. Jetzt ernte ich. Nat\u00fcrlich habe ich es gut. Ich war nie Sportlerin. Ein Manko in fr\u00fcheren Jahren. Heute nicht mehr. Und mein [&hellip;]<\/p>\n","protected":false},"author":2,"featured_media":0,"comment_status":"open","ping_status":"open","sticky":false,"template":"","format":"standard","meta":{"jetpack_post_was_ever_published":false,"_jetpack_newsletter_access":"","_jetpack_dont_email_post_to_subs":false,"_jetpack_newsletter_tier_id":0,"_jetpack_memberships_contains_paywalled_content":false,"_jetpack_memberships_contains_paid_content":false,"footnotes":"","jetpack_publicize_message":"","jetpack_publicize_feature_enabled":true,"jetpack_social_post_already_shared":false,"jetpack_social_options":{"image_generator_settings":{"template":"highway","default_image_id":0,"font":"","enabled":false},"version":2}},"categories":[3,13],"tags":[46,47,57,64,65,84,96,112,120,131,140,161,169,170,181,182],"class_list":["post-689","post","type-post","status-publish","format-standard","hentry","category-aging-in-miniatures","category-in-der-umarmung-des-alters","tag-alter","tag-altern","tag-altersein","tag-bewusstmachung","tag-bewusstsein","tag-essay","tag-glosse","tag-kolumne","tag-lebenshilfe","tag-literatur","tag-minderwertigkeitsgefuhl","tag-philosophie","tag-psychologie","tag-psychologisches-training","tag-selbsterkenntnis","tag-selbsthilfe"],"jetpack_publicize_connections":[],"jetpack_featured_media_url":"","jetpack_shortlink":"https:\/\/wp.me\/p3ZwSb-b7","jetpack_sharing_enabled":true,"jetpack_likes_enabled":true,"_links":{"self":[{"href":"https:\/\/filosofium.evelyne-weissenbach.at\/index.php?rest_route=\/wp\/v2\/posts\/689","targetHints":{"allow":["GET"]}}],"collection":[{"href":"https:\/\/filosofium.evelyne-weissenbach.at\/index.php?rest_route=\/wp\/v2\/posts"}],"about":[{"href":"https:\/\/filosofium.evelyne-weissenbach.at\/index.php?rest_route=\/wp\/v2\/types\/post"}],"author":[{"embeddable":true,"href":"https:\/\/filosofium.evelyne-weissenbach.at\/index.php?rest_route=\/wp\/v2\/users\/2"}],"replies":[{"embeddable":true,"href":"https:\/\/filosofium.evelyne-weissenbach.at\/index.php?rest_route=%2Fwp%2Fv2%2Fcomments&post=689"}],"version-history":[{"count":0,"href":"https:\/\/filosofium.evelyne-weissenbach.at\/index.php?rest_route=\/wp\/v2\/posts\/689\/revisions"}],"wp:attachment":[{"href":"https:\/\/filosofium.evelyne-weissenbach.at\/index.php?rest_route=%2Fwp%2Fv2%2Fmedia&parent=689"}],"wp:term":[{"taxonomy":"category","embeddable":true,"href":"https:\/\/filosofium.evelyne-weissenbach.at\/index.php?rest_route=%2Fwp%2Fv2%2Fcategories&post=689"},{"taxonomy":"post_tag","embeddable":true,"href":"https:\/\/filosofium.evelyne-weissenbach.at\/index.php?rest_route=%2Fwp%2Fv2%2Ftags&post=689"}],"curies":[{"name":"wp","href":"https:\/\/api.w.org\/{rel}","templated":true}]}}