{"id":729,"date":"2011-10-30T18:03:51","date_gmt":"2011-10-30T17:03:51","guid":{"rendered":"http:\/\/filosofium.wordpress.com\/?p=729"},"modified":"2011-10-30T18:03:51","modified_gmt":"2011-10-30T17:03:51","slug":"in-der-umarmung-des-alters-v","status":"publish","type":"post","link":"https:\/\/filosofium.evelyne-weissenbach.at\/?p=729","title":{"rendered":"In der Umarmung des Alters V."},"content":{"rendered":"<p>&nbsp;<\/p>\n<p><font size=\"3\"><strong>Maler des Lebens <\/strong><\/p>\n<p>Herbstlich bunt ist mein Blick geworden. Und ich st\u00fclpe seine W\u00e4rme in mich. Sammle Laub. Je l\u00e4nger ich lebe, desto mehr W\u00e4rme konnte ich in meinem Inneren sammeln. Im Winter, wenn ich nicht mehr vor die T\u00fcr gehen kann, wird es bunt und warm in mir sein.<\/p>\n<p>Ich denke an die Jugend. Zuviel Schwarz-wei\u00df in meinem Streben. Die Buntheit kam von Plakatw\u00e4nden. Trug Hochglanz nur in Magazinen.<br \/>\nMeine Augen suchten die Ferne. Sie verhie\u00df das Gl\u00fcck des Fr\u00fchlings. Die Hitze gaukelte die Liebe des Sommers. Zu mir.<br \/>\nWer mich nicht liebte, war ein schwarzer Punkt. Wer mich liebte, falsch informiert. Ich selbst, ein blinder Fleck. Und doch nicht wei\u00df. <\/p>\n<p>Erst kam das Grau. Dann die Erkenntnis.<br \/>\nErfahrung ist der Maler des Lebens. Ich habe ihn getroffen. Zur rechten Zeit.<br \/>\nMein Herbst ist bunt. Im Winter wird mein Haus warm sein.<br \/>\n<\/font><\/p>\n<p>&nbsp;<\/p>\n","protected":false},"excerpt":{"rendered":"<p>&nbsp; Maler des Lebens Herbstlich bunt ist mein Blick geworden. Und ich st\u00fclpe seine W\u00e4rme in mich. Sammle Laub. Je l\u00e4nger ich lebe, desto mehr W\u00e4rme konnte ich in meinem Inneren sammeln. Im Winter, wenn ich nicht mehr vor die T\u00fcr gehen kann, wird es bunt und warm in mir sein. Ich denke an die [&hellip;]<\/p>\n","protected":false},"author":2,"featured_media":0,"comment_status":"open","ping_status":"open","sticky":false,"template":"","format":"standard","meta":{"jetpack_post_was_ever_published":false,"_jetpack_newsletter_access":"","_jetpack_dont_email_post_to_subs":false,"_jetpack_newsletter_tier_id":0,"_jetpack_memberships_contains_paywalled_content":false,"_jetpack_memberships_contains_paid_content":false,"footnotes":"","jetpack_publicize_message":"","jetpack_publicize_feature_enabled":true,"jetpack_social_post_already_shared":false,"jetpack_social_options":{"image_generator_settings":{"template":"highway","default_image_id":0,"font":"","enabled":false},"version":2}},"categories":[3,13],"tags":[46,47,57,64,65,84,96,112,120,131,140,161,169,170,181,182],"class_list":["post-729","post","type-post","status-publish","format-standard","hentry","category-aging-in-miniatures","category-in-der-umarmung-des-alters","tag-alter","tag-altern","tag-altersein","tag-bewusstmachung","tag-bewusstsein","tag-essay","tag-glosse","tag-kolumne","tag-lebenshilfe","tag-literatur","tag-minderwertigkeitsgefuhl","tag-philosophie","tag-psychologie","tag-psychologisches-training","tag-selbsterkenntnis","tag-selbsthilfe"],"jetpack_publicize_connections":[],"jetpack_featured_media_url":"","jetpack_shortlink":"https:\/\/wp.me\/p3ZwSb-bL","jetpack_sharing_enabled":true,"jetpack_likes_enabled":true,"_links":{"self":[{"href":"https:\/\/filosofium.evelyne-weissenbach.at\/index.php?rest_route=\/wp\/v2\/posts\/729","targetHints":{"allow":["GET"]}}],"collection":[{"href":"https:\/\/filosofium.evelyne-weissenbach.at\/index.php?rest_route=\/wp\/v2\/posts"}],"about":[{"href":"https:\/\/filosofium.evelyne-weissenbach.at\/index.php?rest_route=\/wp\/v2\/types\/post"}],"author":[{"embeddable":true,"href":"https:\/\/filosofium.evelyne-weissenbach.at\/index.php?rest_route=\/wp\/v2\/users\/2"}],"replies":[{"embeddable":true,"href":"https:\/\/filosofium.evelyne-weissenbach.at\/index.php?rest_route=%2Fwp%2Fv2%2Fcomments&post=729"}],"version-history":[{"count":0,"href":"https:\/\/filosofium.evelyne-weissenbach.at\/index.php?rest_route=\/wp\/v2\/posts\/729\/revisions"}],"wp:attachment":[{"href":"https:\/\/filosofium.evelyne-weissenbach.at\/index.php?rest_route=%2Fwp%2Fv2%2Fmedia&parent=729"}],"wp:term":[{"taxonomy":"category","embeddable":true,"href":"https:\/\/filosofium.evelyne-weissenbach.at\/index.php?rest_route=%2Fwp%2Fv2%2Fcategories&post=729"},{"taxonomy":"post_tag","embeddable":true,"href":"https:\/\/filosofium.evelyne-weissenbach.at\/index.php?rest_route=%2Fwp%2Fv2%2Ftags&post=729"}],"curies":[{"name":"wp","href":"https:\/\/api.w.org\/{rel}","templated":true}]}}