{"id":7387,"date":"2021-06-13T23:11:07","date_gmt":"2021-06-13T21:11:07","guid":{"rendered":"https:\/\/filosofium.evelyne-weissenbach.at\/?p=7387"},"modified":"2021-06-13T23:33:19","modified_gmt":"2021-06-13T21:33:19","slug":"mal-was-anderes","status":"publish","type":"post","link":"https:\/\/filosofium.evelyne-weissenbach.at\/?p=7387","title":{"rendered":"mal was anderes"},"content":{"rendered":"\nin den letzten monaten hat mich das kochen ein bissi erwischt. eigentlich hab ich nie so besonders gern gekocht, aber jetzt hab ich meine ern\u00e4hrung umgestellt und probiere herum. und das macht richtig spa\u00df. <br>\nund dabei habe ich mir angew\u00f6hnt, auch zu fotografieren. eigentlich, damit ich immer wieder nachschauen kann, um es wieder einmal nachzukochen. aber es gefiel auch anderen. und so habe ich mir daf\u00fcr ein weblog eingerichtet. da kann ich die fotos sch\u00f6n sammeln.<br><br>\nvielleicht mag ja auch von hier jemand einmal hineinschnuppern? ich werde mich \u00fcber besuche sehr freuen!<br>\nf\u00fcr mundwasserfluss \u00fcbernehme ich allerdings keine haftung!<\/p>\n<p>&nbsp;<\/p>\n\n\n\n<div style=\"text-align: center\"><a href=\"https:77lintschis-kochshow.evelyne-weissenbach.at\" target=\"_blank\" rel=\"noopener\"><img decoding=\"async\" src=\"https:\/\/lintschis-kochshow.evelyne-weissenbach.at\/wp-content\/uploads\/2021\/06\/cropped-header3.jpg\" width=\"580\" alt=\"lintschis kochshow\" title=\"lintschis kochshow\"><\/div>\n<p>&nbsp;<\/p>\n\n\n\n<p><\/p>\n","protected":false},"excerpt":{"rendered":"<p>in den letzten monaten hat mich das kochen ein bissi erwischt. eigentlich hab ich nie so besonders gern gekocht, aber jetzt hab ich meine ern\u00e4hrung umgestellt und probiere herum. und das macht richtig spa\u00df. und dabei habe ich mir angew\u00f6hnt, auch zu fotografieren. eigentlich, damit ich immer wieder nachschauen kann, um es wieder einmal nachzukochen. [&hellip;]<\/p>\n","protected":false},"author":1,"featured_media":0,"comment_status":"open","ping_status":"closed","sticky":false,"template":"","format":"standard","meta":{"jetpack_post_was_ever_published":false,"_jetpack_newsletter_access":"","_jetpack_dont_email_post_to_subs":false,"_jetpack_newsletter_tier_id":0,"_jetpack_memberships_contains_paywalled_content":false,"_jetpack_memberships_contains_paid_content":false,"footnotes":"","jetpack_publicize_message":"","jetpack_publicize_feature_enabled":true,"jetpack_social_post_already_shared":true,"jetpack_social_options":{"image_generator_settings":{"template":"highway","default_image_id":0,"font":"","enabled":false},"version":2}},"categories":[232],"tags":[905,1252,1253,1251,1250],"class_list":["post-7387","post","type-post","status-publish","format-standard","hentry","category-in-eigener-sache","tag-ernaehrung","tag-essen","tag-koechin","tag-kochrezepte","tag-kochshow"],"jetpack_publicize_connections":[],"jetpack_featured_media_url":"","jetpack_shortlink":"https:\/\/wp.me\/p3ZwSb-1V9","jetpack_sharing_enabled":true,"jetpack_likes_enabled":true,"_links":{"self":[{"href":"https:\/\/filosofium.evelyne-weissenbach.at\/index.php?rest_route=\/wp\/v2\/posts\/7387","targetHints":{"allow":["GET"]}}],"collection":[{"href":"https:\/\/filosofium.evelyne-weissenbach.at\/index.php?rest_route=\/wp\/v2\/posts"}],"about":[{"href":"https:\/\/filosofium.evelyne-weissenbach.at\/index.php?rest_route=\/wp\/v2\/types\/post"}],"author":[{"embeddable":true,"href":"https:\/\/filosofium.evelyne-weissenbach.at\/index.php?rest_route=\/wp\/v2\/users\/1"}],"replies":[{"embeddable":true,"href":"https:\/\/filosofium.evelyne-weissenbach.at\/index.php?rest_route=%2Fwp%2Fv2%2Fcomments&post=7387"}],"version-history":[{"count":5,"href":"https:\/\/filosofium.evelyne-weissenbach.at\/index.php?rest_route=\/wp\/v2\/posts\/7387\/revisions"}],"predecessor-version":[{"id":7394,"href":"https:\/\/filosofium.evelyne-weissenbach.at\/index.php?rest_route=\/wp\/v2\/posts\/7387\/revisions\/7394"}],"wp:attachment":[{"href":"https:\/\/filosofium.evelyne-weissenbach.at\/index.php?rest_route=%2Fwp%2Fv2%2Fmedia&parent=7387"}],"wp:term":[{"taxonomy":"category","embeddable":true,"href":"https:\/\/filosofium.evelyne-weissenbach.at\/index.php?rest_route=%2Fwp%2Fv2%2Fcategories&post=7387"},{"taxonomy":"post_tag","embeddable":true,"href":"https:\/\/filosofium.evelyne-weissenbach.at\/index.php?rest_route=%2Fwp%2Fv2%2Ftags&post=7387"}],"curies":[{"name":"wp","href":"https:\/\/api.w.org\/{rel}","templated":true}]}}