{"id":7397,"date":"2021-06-29T12:52:53","date_gmt":"2021-06-29T10:52:53","guid":{"rendered":"https:\/\/filosofium.evelyne-weissenbach.at\/?p=7397"},"modified":"2021-06-29T12:55:40","modified_gmt":"2021-06-29T10:55:40","slug":"die-impfung-und-ich","status":"publish","type":"post","link":"https:\/\/filosofium.evelyne-weissenbach.at\/?p=7397","title":{"rendered":"Die Impfung und ich"},"content":{"rendered":"\n<p>Dann schreibe ich halt wieder einmal was aus meiner Verschw\u00f6rungstheorie-Kiste.<br><br>\nNein, ich werde mein Krankheitsbild hier nicht ausrollen! Das geht echt niemanden etwas an. Nur so viel: Ich darf nicht geimpft werden. <br>\nWas dies auf dem Mobbingfeld der Gesellschaft bedeutet, darauf will ich hier gar nicht eingehen, damit kann ich pers\u00f6nlich gut umgehen. Aber nach einigen lockeren Hinweisen von nicht unmittelbar zust\u00e4ndigen \u00c4rzten, wollte ich dies dann trotz eigenen Impfunwillens, dennoch mit der behandelnden Fach\u00e4rztin abkl\u00e4ren. <br><br>\nUnd was erz\u00e4hlt sie mir? \u00dcbrigens die zweite \u00c4rztin in nur 24 Stunden \u2026 <br>\nAber gerade diese ist ja die besondere \u00c4rztin meines Vertrauens, weil sie mich viele Jahre auf einem Status halten kann, wo die meisten Leute gar nicht auf die Idee kommen, ich k\u00f6nnte krank sein. Und ich selbst auch tats\u00e4chlich wenig leiden muss und so gut wie nicht beeintr\u00e4chtigt bin bei dem, was ich so machen will. Weil ich so toll eingestellt bin. <br><br>\n\nSie und viele ihrer Fachrichtungskollegen sind gegen die Impfung, lassen sich auch selbst nicht impfen. M\u00fcssen aber vorsichtig in ihren \u00c4u\u00dferungen sein, von wegen der starken Lobby.\nSie w\u00fcrde nat\u00fcrlich nie einem Menschen die Impfung &#8222;ausreden&#8220;, aber &#8222;einreden&#8220; noch weniger. Denn sie sagt, das ist keine Impfung, sondern eine Gentherapie. Und diese ist noch dazu zu wenig ausgereift. <br><br>\nDie andere \u00c4rztin sagte: nein, ich verzichte auf das Gesch\u00e4ft, ich impfe nicht, ich k\u00f6nnte es mit meinem Gewissen nicht vereinbaren, Menschen diese Impfung zu verabreichen. <br><br>\nDie Erfahrungen, die meine Fach\u00e4rztin n\u00e4mlich machte (und dar\u00fcber auch im Austausch mit Kolleg\/innen ist) zeigen, dass bei mehr als 50 % (!) ihrer Patient\/innen SCHWERE Sch\u00fcbe nach der Impfung aufgetreten sind. Bei etlichen anderen ist die vorher nur latent vorhanden gewesene Krankheit dadurch \u00fcberhaupt erst zum ersten Mal zum Ausbruch gekommen. Nicht unmittelbar, sondern erst einige Tage <strong>bis Wochen<\/strong> sp\u00e4ter. Die mittelfristigen Folgen werden aber nicht dokumentiert, nur die unmittelbaren Nebenerscheinungen. Die H\u00e4ufung kann aber in keinem Fall unter &#8222;Zuf\u00e4lle&#8220; gereiht werden. Auch in der Wissenschaft werden an sich empirische Werte f\u00fcr Beurteilungen herangezogen. Nur hier halt nicht \u2026<br><br>\nDas Tragische ist nat\u00fcrlich, dass nicht alle diese Sch\u00fcbe wieder einfach vorbeigehen, wie man das von den klassischen Nebenwirkungen so kennt, sondern dass viele der Patient\/innen mit den so entstandenen Beeintr\u00e4chtigungen weiterleben m\u00fcssen. <br><br>\n\nUnd so trat es nun auch in mein pers\u00f6nliches Erlebnisbild. Nun ist es in meinem Familienumfeld zu einem Schub in einer Krankheit gekommen, der bis dato absolut unerkl\u00e4rbar war. Au\u00dfer, dass er ein paar Tage nach der zweiten Impfung begonnen hat. Und es wird immer noch geschoben. Und die Angst, was bleiben wird, ist noch zus\u00e4tzlich ein Begleiter. <br><br>\n\nUnd das ist es, was mich an dieser Impfhysterie so st\u00f6rt. Von den \u00f6ffentlichen Stellen wird keineswegs daten- und evidenzbasiert informiert und damit die Bev\u00f6lkerung bei ihren eigenen h\u00f6chstpers\u00f6nlichen, ihre Gesundheit betreffenden Entscheidungen unterst\u00fctzt. Denn selbstverst\u00e4ndlich wird es Gruppen geben, f\u00fcr die diese Impfung ein Vorteil (jenseits eines Wirtshausbesuches) sein kann. Sondern es werden einfach ALLE in die Impfung getrieben. Koste es was es wolle. <br><br>\nIch bin froh, dass es \u00c4rzt\/innen gibt, die dem kritscher entgegentreten und sagen: Wir lassen uns nicht erpressen! Auch wenn sie es nur im &#8222;Kleinen&#8220; tun und Menschen in pers\u00f6nlichen Gespr\u00e4chen \u00fcber F\u00fcr und Wider informieren.  Weil letztendlich das \u00f6ffentliche Mobbing auch vor ihnen nicht haltmachen w\u00fcrde und sie damit in ihren \u00e4rztlichen Hilfeleistungen nur blockiert werden w\u00fcrden. Und eines ist auch klar: Die Masse w\u00fcrde sowieso nicht auf sie h\u00f6ren. <br>\nAber dass es sich dabei haupts\u00e4chlich um Wahl\u00e4rzte handelt, ist wohl auch klar. Kassen\u00e4rzte k\u00f6nnen sich leider viel zu oft diesen Luxus nicht leisten.<br><br>\n\nVersteht mich nicht falsch, f\u00fcr mich ist jede pers\u00f6nliche Entscheidung ok. Denn jeder muss f\u00fcr sich selbst entscheiden und auch die Verantwortung daf\u00fcr selber tragen. Deshalb w\u00e4ren nichtpopulistische Informationen und Diskussionen so besonders wichtig. <br><br>\nIch folge keineswegs einfach einer Richtung. Ich informiere mich und mache mir mein Bild aufgrund pers\u00f6nlicher Erlebnisse. Das habe ich schon die ganze Zeit im Umgang mit dem Virus und der Pandemie so gemacht. <br>\nAber die Umkehrung, Menschen die sich umfassend informieren und tats\u00e4chlich selbstverantwortlich schwerwiegende Entscheidungen treffen, als nicht differenzierende Gef\u00e4hrder zu postulieren, anstatt jene, die einfach aus wie immer gearteten Gr\u00fcnden alles mitmachen, der st\u00f6rt mich gewaltig. \u00dcberhaupt, wenn ich dann solche Erfahrungen machen muss.<br><br>\n\nUnd noch etwas: Es ist dies ein allgemeines Statement! Ich werde keinerlei Ausk\u00fcnfte \u00fcber zugrundeliegende Krankheitsbilder von mir oder meinem Umfeld erteilen. Krankheit ist eine intime Angelegenheit! Auch wenn das scheinbar viele Leute in Zeiten wie diesen vergessen haben. <br><br>\n\nAber &#8222;B\u00e4uerchen&#8220; musste wieder einmal sein. Wenn ich doch nichts anderes mehr lese als, dass die Leute endlich &#8222;ihr Leben&#8220; wieder haben, oder gar von Freiheit brabbeln. Bzw. sich als Retter der Gesellschaft abfeiern lassen, weil sie sich eine Impfung umh\u00e4ngen lie\u00dfen, die fragw\u00fcrdig mit ihrer Gesundheit umgeht. Und die vielen anderen im stillen K\u00e4mmerlein echten Schaden zuf\u00fcgt. Weil nur spektakul\u00e4re F\u00e4lle an die \u00d6ffentlichkeit gelangen, die dann aber auch sofort f\u00fcr null und nichtig erkl\u00e4rt werden. <br><br>\n\nDeshalb bitte Augen auf und Hirn an! DAS ist Selbstverantwortung und auch Verantwortung f\u00fcr die Gesellschaft, nicht das Nachhecheln hinter einem populistischen Narrativ! Danke!<\/p>\n<p>&nbsp;<\/p>\n<p style=\"text-align:center\"><a href=\"https:\/\/www.servustv.com\/videos\/aa-27advzpbd2111\/\" target=\"_blank\" rel=\"noopener\"><img loading=\"lazy\" decoding=\"async\" src=\"https:\/\/filosofium.evelyne-weissenbach.at\/wp-content\/uploads\/2021\/06\/210629_wegscheider.jpg\" width=\"580\" height=\"290\" \"alt=\"wegscheider\"><\/a><\/p>\n\n<p>&nbsp;<\/p>\n\n<p>Nie h\u00e4tte ich gedacht, dass ich jemals Wegscheider posten w\u00fcrde &#8230; Aber da sind so viele Informationen drinnen &#8230;<\/p>\n<p>&nbsp;<\/p>\n","protected":false},"excerpt":{"rendered":"<p>Dann schreibe ich halt wieder einmal was aus meiner Verschw\u00f6rungstheorie-Kiste. Nein, ich werde mein Krankheitsbild hier nicht ausrollen! Das geht echt niemanden etwas an. Nur so viel: Ich darf nicht geimpft werden. Was dies auf dem Mobbingfeld der Gesellschaft bedeutet, darauf will ich hier gar nicht eingehen, damit kann ich pers\u00f6nlich gut umgehen. Aber nach [&hellip;]<\/p>\n","protected":false},"author":1,"featured_media":0,"comment_status":"open","ping_status":"closed","sticky":false,"template":"","format":"standard","meta":{"jetpack_post_was_ever_published":false,"_jetpack_newsletter_access":"","_jetpack_dont_email_post_to_subs":false,"_jetpack_newsletter_tier_id":0,"_jetpack_memberships_contains_paywalled_content":false,"_jetpack_memberships_contains_paid_content":false,"footnotes":"","jetpack_publicize_message":"","jetpack_publicize_feature_enabled":true,"jetpack_social_post_already_shared":true,"jetpack_social_options":{"image_generator_settings":{"template":"highway","default_image_id":0,"font":"","enabled":false},"version":2}},"categories":[233],"tags":[1131,1176,1255,1254],"class_list":["post-7397","post","type-post","status-publish","format-standard","hentry","category-kolumne-2","tag-corona","tag-covid-19","tag-gentherapie","tag-impfung"],"jetpack_publicize_connections":[],"jetpack_featured_media_url":"","jetpack_shortlink":"https:\/\/wp.me\/p3ZwSb-1Vj","jetpack_sharing_enabled":true,"jetpack_likes_enabled":true,"_links":{"self":[{"href":"https:\/\/filosofium.evelyne-weissenbach.at\/index.php?rest_route=\/wp\/v2\/posts\/7397","targetHints":{"allow":["GET"]}}],"collection":[{"href":"https:\/\/filosofium.evelyne-weissenbach.at\/index.php?rest_route=\/wp\/v2\/posts"}],"about":[{"href":"https:\/\/filosofium.evelyne-weissenbach.at\/index.php?rest_route=\/wp\/v2\/types\/post"}],"author":[{"embeddable":true,"href":"https:\/\/filosofium.evelyne-weissenbach.at\/index.php?rest_route=\/wp\/v2\/users\/1"}],"replies":[{"embeddable":true,"href":"https:\/\/filosofium.evelyne-weissenbach.at\/index.php?rest_route=%2Fwp%2Fv2%2Fcomments&post=7397"}],"version-history":[{"count":17,"href":"https:\/\/filosofium.evelyne-weissenbach.at\/index.php?rest_route=\/wp\/v2\/posts\/7397\/revisions"}],"predecessor-version":[{"id":7415,"href":"https:\/\/filosofium.evelyne-weissenbach.at\/index.php?rest_route=\/wp\/v2\/posts\/7397\/revisions\/7415"}],"wp:attachment":[{"href":"https:\/\/filosofium.evelyne-weissenbach.at\/index.php?rest_route=%2Fwp%2Fv2%2Fmedia&parent=7397"}],"wp:term":[{"taxonomy":"category","embeddable":true,"href":"https:\/\/filosofium.evelyne-weissenbach.at\/index.php?rest_route=%2Fwp%2Fv2%2Fcategories&post=7397"},{"taxonomy":"post_tag","embeddable":true,"href":"https:\/\/filosofium.evelyne-weissenbach.at\/index.php?rest_route=%2Fwp%2Fv2%2Ftags&post=7397"}],"curies":[{"name":"wp","href":"https:\/\/api.w.org\/{rel}","templated":true}]}}