{"id":7502,"date":"2021-07-25T20:46:26","date_gmt":"2021-07-25T18:46:26","guid":{"rendered":"https:\/\/filosofium.evelyne-weissenbach.at\/?p=7502"},"modified":"2021-07-26T11:53:54","modified_gmt":"2021-07-26T09:53:54","slug":"die-ungeimpften-und-der-lockdown","status":"publish","type":"post","link":"https:\/\/filosofium.evelyne-weissenbach.at\/?p=7502","title":{"rendered":"Die Ungeimpften und der Lockdown"},"content":{"rendered":"\n<p>Gleich zweimal bin ich in dieser Woche mit Hardcore-Impfer*innen in Kontakt gekommen. Die auch mehr oder weniger verhohlen versucht haben, mich pers\u00f6nlich niederzumachen. Auf jeden Fall wurde lang und breit \u00fcber die Menschen hergezogen, die nicht zur Impfung gehen. Und es wurde doch glatt behauptet, dass Leute, die nicht impfen gehen f\u00fcr den n\u00e4chsten Lockdown verantwortlich sind! Wobei mir nat\u00fcrlich niemand erkl\u00e4ren konnte, wieso ein Gesunder einen Lockdown verursachen kann. <br><br><\/p>\n\n<p style=\"text-align:center\"><img loading=\"lazy\" decoding=\"async\" src=\"https:\/\/filosofium.evelyne-weissenbach.at\/wp-content\/uploads\/2021\/07\/210725_lockdown_ungeimpft.jpg\" width=\"580\" height=\"323\" alt=\"kopfklatsch\" title=\"kopfklatsch\"><\/p>\n\n\n<p>Deshalb kommen nat\u00fcrlich auch meine Gedanken nicht zur Ruhe. \u00dcblicherweise besch\u00e4ftige ich mich ja gar nicht so sehr mit den Thema Nr. 1, weil ich mir mein Leben nicht gern von kurzsichtigen Einseitigdenkern vermiesen lasse. Das geht allerdings halt besser, wenn ich nicht au\u00dfer Haus gehe und in Gespr\u00e4che mit anderen Personen verwickelt werde \ud83d\ude09<br>\nAber ich bin halt auch jemand, der immer reflektiert und auch dar\u00fcber nachdenkt, was man mir sagt.\nNat\u00fcrlich musste ich in diesen F\u00e4llen als erstes einmal von der Pers\u00f6nlichkeitsschiene runterrutschen. <br><br>\n\nEs fasziniert mich, dass man es im Hinblick auf Corona, mit zwei verschiedenen Gruppen von faktenbasierten wissenschaftlichen Meinungen zu tun hat. Die noch dazu ziemlich kontr\u00e4r sind. Manchmal habe ich das Gef\u00fchl, dass die Wissenschafter sehr wohl \u00fcber diese Faktenunterschiede im Diskurs stehen. Nicht aber die Anh\u00e4nger ihrer Richtungen. Und nat\u00fcrlich die Politiker nicht. Die haben sich einem Weg verschrieben, dem Weg der Machtaus\u00fcbung, und da kommt ihnen die Meinung der Virologen gerade recht. <br><br>\n\nDenn selbstverst\u00e4ndlich ist es aus Sicht der Virologen der richtige Ansatz, das Virus eliminieren zu wollen, eine Durchimpfung scheint die effektivste M\u00f6glichkeit daf\u00fcr. <br>\nUnd damit geben sie der Politik ein Werkzeug in die Hand, das alle anderen Ans\u00e4tze im Keim erstickt. <br><br>\n\nAber es gibt nicht nur Virologen, wie es auch nicht nur das Virus gibt. Es gibt viele andere Facetten. Auch andere Krankheiten, auch viele, die aus kausalen Zusammenh\u00e4ngen entstehen und einer Bev\u00f6lkerung viel mehr Lebensjahre kosten k\u00f6nnen, als es das Virus je getan h\u00e4tte. <br>\nUnd deshalb gibt es auch viele andere Wissenschafter, die an diesen Problemen arbeiten, sie aufzuzeigen versuchen und die Gefahren f\u00fcr Land und Leute in den Vordergrund stellen und nicht die Bek\u00e4mpfung nur eines einzigen Virus. <br><br>\n\nDiese werden von dem Teil der Bev\u00f6lkerung wahrgenommen, die einen ganzheitlichen Ansatz verfolgen. F\u00fcr die Ethik, Moral und psychische Hygiene ebenso wichtig sind, wie Selbstverantwortung. Und die deshalb in dem einseitigen Zwang, der lediglich der &#8211; noch dazu gar nicht m\u00f6glichen &#8211; Ausrottung des Virus dienen soll, nicht stupid applaudieren und alle damit belegen wollen. <br><br>\n\nDie ihren Schutz lieber auf korrekte Informationen aufbauen wollen, auf seri\u00f6se Ausarbeitung von Daten, \u00fcber den Stand von Behandlungsmethoden aufgekl\u00e4rt und nicht mit einer Schreckgespenstzahl abgespeist werden wollen, die lediglich die Neuinfektionen verlautbart. <br><br>\n\n<strong>\u00b0 Wie sehen denn diese Neuinfektionen aus? <br>\n\u00b0 Wie sind die Verl\u00e4ufe? <br>\n\u00b0 Wie sind die Vorbedingungen? Vorerkrankungen? <br>\n\u00b0 Wie ist das Risiko-Nutzen-Verh\u00e4ltnis? <br>\n\u00b0 Was geschieht \u00fcberhaupt mit den Infizierten, oder Kranken?<\/strong> <br>\nDie einzige Information, die \u00fcber Behandlung kursiert ist jene, dass der Patient auf dem Bauch liegend k\u00fcnstlich beatmet wird. Aber sonst? <br>\n<strong>\u00b0 Wird an einem Medikament geforscht? Wie weit ist diese Arbeit? <br>\n\u00b0 Was wird bis dahin verabreicht oder an Therapie eingesetzt? <br>\n\u00b0 Wie geht es den Menschen damit?<\/strong> <br><br>\n \nEs gibt viele Prominente, auch Politiker, die bereits Corona hatten. Boris Johnson, auch LH Doskozil, aber auch F\u00fcrst Rainer von Monaco oder Schwedens Kronprinzessin. Die laufen alle recht munter durch die Welt.\nSelbstverst\u00e4ndlich gibt es Personen, die schwere Verl\u00e4ufe hatten. Aber das gibt es bei jeder Krankheit. Es gibt viele Frauen, die ihren Brustkrebs besiegt haben und leider auch viel zu viele, die dies nicht schafften. Und viele dieser Frauen brauchten Jahre, und viele Behandlungen, um wieder gesund zu werden. <br><br>\n\nDeshalb ist es immer angeraten, eigenverantwortlich zu versuchen, sich so gut als m\u00f6glich zu sch\u00fctzen. Vor Krebs genauso wie vor Ansteckung mit einem gef\u00e4hrlichen Virus. <br><br>\n\n<strong>Was ist das f\u00fcr eine verschobene Ansicht, andere f\u00fcr die eigene Erkrankung verantwortlich machen zu wollen?<\/strong><br><br>\n Dies f\u00fchrt lediglich dazu, Ma\u00dfnahmen gutzuhei\u00dfen, die die pers\u00f6nliche Integri\u00e4t untergraben. Das Ergebnis sind Kollateralsch\u00e4den, die alle betreffen. Leider wird dann versucht, diese auf eine bestimmte Gruppe abzuw\u00e4lzen. In diesem Fall auf die Ungeimpften \u2026 Dabei sind es diejenigen, die nicht differenzieren, die ein Gro\u00dfteil daf\u00fcr verantwortlich sind. <br><br>\n\nUnd da gibt es viele Wissenschafter, die dies durch Studien belegen. <br>\nAber in unserer heutigen Zeit sind anscheinend nur Virologen richtige Wissenschafter. Doch sie betrachten nur eine einzige Perspektive des Problems, berichten lediglich \u00fcber die Fakten ihrer wissenschaftlichen Richtung. <br>\nDoch Leben und Gemeinschaft bestehen nicht nur aus dem Blick auf ein einziges Faktum. Es gibt auch andere Mosaiksteinchen, die man in ein Gesamtbild einbauen muss, um den Schaden f\u00fcr die Menschen kleinhalten zu k\u00f6nnen. <br><br>\n\nUnd deshalb gibt es bei einem Wechsel des Blickwinkels auch unterschiedliche Ans\u00e4tze zur Bew\u00e4ltigung des Problems. Die zwangvolle Durchsetzung einer Richtung kann niemals eine L\u00f6sung erreichen. Denn sie geht auf Kosten der Grundlage der Gesellschaft, Ethik und Humanit\u00e4t, verursacht krankmachende und psychische Belastungen in Bereichen, die man leider bei der Betrachtung des Virusgeschehens so gut wie immer ausspart.<br><br>\n\nDeshalb w\u00fcnsche ich mir, dass die Bev\u00f6lkerung sich nicht so sehr spalten lie\u00dfe &#8211; und nat\u00fcrlich ganz pers\u00f6nlich in meinem Fall, die Ungeimpften nicht so sehr mobben w\u00fcrde -, aber noch mehr geht es mir um die allgemeine gesellschaftliche Entwicklung durch die einseitige Erz\u00e4hlung der Regierungen. Die tats\u00e4chlich schwer um sich greift und gro\u00dfe Kluften in die Gesellschaft rei\u00dft. <br><br>\n\nNicht jeder ist dumm oder reflektiert nicht, der sich der pers\u00f6nlichen Meinung eines anderen nicht anschlie\u00dft. Deshalb sollte man auch genau hinh\u00f6ren, was jemand sagt, da kann man vielleicht was lernen, auf jeden Fall etwas erfahren. <br><br>\nF\u00fcr mich beginnts immer erst dort kritisch zu werden, wo ich merke, dass die Leut einfach mitrennen und nicht ein einziges Argument vorbringen k\u00f6nnen, wenn man sie auf ihre Meinung anspricht. Wo pauschalierte, von den Medien vorgefasste S\u00e4tze kolportiert werden, also lediglich populistische Worth\u00fclsen in die Luft geblasen werden. Wie z.B. dass die Ungeimpften f\u00fcr den Lockdwon verantwortlich sein werden. <br><br>\n\nAber \u00fcber Argumente denke ICH immer gern nach und informiere mich dann auch noch gern weiter in &#8222;andere&#8220; Richtungen. Weil ich gern lerne und deshalb auch gern nachdenke. Also bitte, wenn jemand welche hat, dann nur her damit. Danke!<\/p>\n<p>&nbsp;<\/p>\n\n\n\n<p>&nbsp;<\/p>\n\n\n\n<p><\/p>\n","protected":false},"excerpt":{"rendered":"<p>Gleich zweimal bin ich in dieser Woche mit Hardcore-Impfer*innen in Kontakt gekommen. Die auch mehr oder weniger verhohlen versucht haben, mich pers\u00f6nlich niederzumachen. Auf jeden Fall wurde lang und breit \u00fcber die Menschen hergezogen, die nicht zur Impfung gehen. Und es wurde doch glatt behauptet, dass Leute, die nicht impfen gehen f\u00fcr den n\u00e4chsten Lockdown [&hellip;]<\/p>\n","protected":false},"author":1,"featured_media":0,"comment_status":"open","ping_status":"closed","sticky":false,"template":"","format":"standard","meta":{"jetpack_post_was_ever_published":false,"_jetpack_newsletter_access":"","_jetpack_dont_email_post_to_subs":false,"_jetpack_newsletter_tier_id":0,"_jetpack_memberships_contains_paywalled_content":false,"_jetpack_memberships_contains_paid_content":false,"footnotes":"","jetpack_publicize_message":"","jetpack_publicize_feature_enabled":true,"jetpack_social_post_already_shared":true,"jetpack_social_options":{"image_generator_settings":{"template":"highway","default_image_id":0,"font":"","enabled":false},"version":2}},"categories":[7,231,233],"tags":[1265,1264,1175,1263],"class_list":["post-7502","post","type-post","status-publish","format-standard","hentry","category-die-wichtigkeit-des-seins","category-humanitares","category-kolumne-2","tag-coronaimpfung","tag-gastroschliessung","tag-lockdown","tag-ungeimpft"],"jetpack_publicize_connections":[],"jetpack_featured_media_url":"","jetpack_shortlink":"https:\/\/wp.me\/p3ZwSb-1X0","jetpack_sharing_enabled":true,"jetpack_likes_enabled":true,"_links":{"self":[{"href":"https:\/\/filosofium.evelyne-weissenbach.at\/index.php?rest_route=\/wp\/v2\/posts\/7502","targetHints":{"allow":["GET"]}}],"collection":[{"href":"https:\/\/filosofium.evelyne-weissenbach.at\/index.php?rest_route=\/wp\/v2\/posts"}],"about":[{"href":"https:\/\/filosofium.evelyne-weissenbach.at\/index.php?rest_route=\/wp\/v2\/types\/post"}],"author":[{"embeddable":true,"href":"https:\/\/filosofium.evelyne-weissenbach.at\/index.php?rest_route=\/wp\/v2\/users\/1"}],"replies":[{"embeddable":true,"href":"https:\/\/filosofium.evelyne-weissenbach.at\/index.php?rest_route=%2Fwp%2Fv2%2Fcomments&post=7502"}],"version-history":[{"count":21,"href":"https:\/\/filosofium.evelyne-weissenbach.at\/index.php?rest_route=\/wp\/v2\/posts\/7502\/revisions"}],"predecessor-version":[{"id":7530,"href":"https:\/\/filosofium.evelyne-weissenbach.at\/index.php?rest_route=\/wp\/v2\/posts\/7502\/revisions\/7530"}],"wp:attachment":[{"href":"https:\/\/filosofium.evelyne-weissenbach.at\/index.php?rest_route=%2Fwp%2Fv2%2Fmedia&parent=7502"}],"wp:term":[{"taxonomy":"category","embeddable":true,"href":"https:\/\/filosofium.evelyne-weissenbach.at\/index.php?rest_route=%2Fwp%2Fv2%2Fcategories&post=7502"},{"taxonomy":"post_tag","embeddable":true,"href":"https:\/\/filosofium.evelyne-weissenbach.at\/index.php?rest_route=%2Fwp%2Fv2%2Ftags&post=7502"}],"curies":[{"name":"wp","href":"https:\/\/api.w.org\/{rel}","templated":true}]}}