{"id":756,"date":"2011-11-10T12:12:35","date_gmt":"2011-11-10T11:12:35","guid":{"rendered":"http:\/\/filosofium.wordpress.com\/?p=756"},"modified":"2011-11-10T12:12:35","modified_gmt":"2011-11-10T11:12:35","slug":"in-der-umarmung-des-alters-vii","status":"publish","type":"post","link":"https:\/\/filosofium.evelyne-weissenbach.at\/?p=756","title":{"rendered":"In der Umarmung des Alters VII."},"content":{"rendered":"<p>&nbsp;<\/p>\n<p><font size=\"3\"><strong>Geistzeit <\/strong><\/p>\n<p>Ich bin ein Wirtschaftsfaktor. Sonst nix. Mehr.<br \/>\nF\u00fcr die Gesellschaft. Im Allgemeinen.<br \/>\nF\u00fcr meine Familie und Freunde nat\u00fcrlich nicht. Daf\u00fcr habe ich gesorgt.<br \/>\nVorsorgen ist wichtig. Wenn auch anders als in der Werbung propagiert.<\/p>\n<p>Als Wirtschaftsfaktor hat man ein gutes Leben. Es werden viele Produkte und Aktionen angeboten. Man kann sie n\u00fctzen. Oder nicht. Aber es gibt sie. Immerhin.<br \/>\nWieder einmal: die Gnade der Geburt!<\/p>\n<p>Dass man dem Alter in der \u00d6ffentlichkeit sonst keinen Raum gibt, schafft der Pers\u00f6nlichkeit gro\u00dfe R\u00e4ume. Ein Schritt neben dem Mainstream lebt es sich angenehm. In jedem Alter.<br \/>\nDoch in der Jugend wird das bemerkt. Und ist ein Makel. Den Makel des Alters gibt es nur pauschal. Als Zeitgeist.<br \/>\nDoch was interessiert mich der Zeitgeist?<\/p>\n<p>Ich habe vorgesorgt. Mein Geist ist zeitlos. Und meine Zeit nicht geistlos.<\/p>\n<p><\/font><\/p>\n<p>&nbsp;<\/p>\n","protected":false},"excerpt":{"rendered":"<p>&nbsp; Geistzeit Ich bin ein Wirtschaftsfaktor. Sonst nix. Mehr. F\u00fcr die Gesellschaft. Im Allgemeinen. F\u00fcr meine Familie und Freunde nat\u00fcrlich nicht. Daf\u00fcr habe ich gesorgt. Vorsorgen ist wichtig. Wenn auch anders als in der Werbung propagiert. Als Wirtschaftsfaktor hat man ein gutes Leben. Es werden viele Produkte und Aktionen angeboten. Man kann sie n\u00fctzen. Oder [&hellip;]<\/p>\n","protected":false},"author":2,"featured_media":0,"comment_status":"open","ping_status":"open","sticky":false,"template":"","format":"standard","meta":{"jetpack_post_was_ever_published":false,"_jetpack_newsletter_access":"","_jetpack_dont_email_post_to_subs":false,"_jetpack_newsletter_tier_id":0,"_jetpack_memberships_contains_paywalled_content":false,"_jetpack_memberships_contains_paid_content":false,"footnotes":"","jetpack_publicize_message":"","jetpack_publicize_feature_enabled":true,"jetpack_social_post_already_shared":false,"jetpack_social_options":{"image_generator_settings":{"template":"highway","default_image_id":0,"font":"","enabled":false},"version":2}},"categories":[3,13],"tags":[46,47,57,64,65,84,96,112,120,131,140,161,169,170,181,182],"class_list":["post-756","post","type-post","status-publish","format-standard","hentry","category-aging-in-miniatures","category-in-der-umarmung-des-alters","tag-alter","tag-altern","tag-altersein","tag-bewusstmachung","tag-bewusstsein","tag-essay","tag-glosse","tag-kolumne","tag-lebenshilfe","tag-literatur","tag-minderwertigkeitsgefuhl","tag-philosophie","tag-psychologie","tag-psychologisches-training","tag-selbsterkenntnis","tag-selbsthilfe"],"jetpack_publicize_connections":[],"jetpack_featured_media_url":"","jetpack_shortlink":"https:\/\/wp.me\/p3ZwSb-cc","jetpack_sharing_enabled":true,"jetpack_likes_enabled":true,"_links":{"self":[{"href":"https:\/\/filosofium.evelyne-weissenbach.at\/index.php?rest_route=\/wp\/v2\/posts\/756","targetHints":{"allow":["GET"]}}],"collection":[{"href":"https:\/\/filosofium.evelyne-weissenbach.at\/index.php?rest_route=\/wp\/v2\/posts"}],"about":[{"href":"https:\/\/filosofium.evelyne-weissenbach.at\/index.php?rest_route=\/wp\/v2\/types\/post"}],"author":[{"embeddable":true,"href":"https:\/\/filosofium.evelyne-weissenbach.at\/index.php?rest_route=\/wp\/v2\/users\/2"}],"replies":[{"embeddable":true,"href":"https:\/\/filosofium.evelyne-weissenbach.at\/index.php?rest_route=%2Fwp%2Fv2%2Fcomments&post=756"}],"version-history":[{"count":0,"href":"https:\/\/filosofium.evelyne-weissenbach.at\/index.php?rest_route=\/wp\/v2\/posts\/756\/revisions"}],"wp:attachment":[{"href":"https:\/\/filosofium.evelyne-weissenbach.at\/index.php?rest_route=%2Fwp%2Fv2%2Fmedia&parent=756"}],"wp:term":[{"taxonomy":"category","embeddable":true,"href":"https:\/\/filosofium.evelyne-weissenbach.at\/index.php?rest_route=%2Fwp%2Fv2%2Fcategories&post=756"},{"taxonomy":"post_tag","embeddable":true,"href":"https:\/\/filosofium.evelyne-weissenbach.at\/index.php?rest_route=%2Fwp%2Fv2%2Ftags&post=756"}],"curies":[{"name":"wp","href":"https:\/\/api.w.org\/{rel}","templated":true}]}}